{"id":53210,"date":"2025-03-27T00:08:07","date_gmt":"2025-03-27T06:08:07","guid":{"rendered":"https:\/\/noticiasveracruz.com\/?p=53210"},"modified":"2025-03-26T22:22:57","modified_gmt":"2025-03-27T04:22:57","slug":"cndh-y-semar-se-unen-para-fortalecer-formacion-en-materia-de-dh","status":"publish","type":"post","link":"https:\/\/noticiasveracruz.com\/index.php\/2025\/03\/27\/cndh-y-semar-se-unen-para-fortalecer-formacion-en-materia-de-dh\/","title":{"rendered":"CNDH y Semar se unen para fortalecer formaci\u00f3n en materia de DH"},"content":{"rendered":"<p class=\"nota-justify\">La Comisi\u00f3n Nacional de los Derechos Humanos (CNDH) y la Secretar\u00eda de Marina (Semar) suscribieron un convenio general de colaboraci\u00f3n con el objetivo de fortalecer la formaci\u00f3n, capacitaci\u00f3n y promoci\u00f3n en materia de derechos humanos dentro de la instituci\u00f3n naval.<\/p>\n<p class=\"nota-justify\">La firma fue encabezada por el almirante Raymundo Pedro Morales \u00c1ngeles, secretario de Marina, y la presidenta de la CNDH, Mar\u00eda del Rosario Piedra Ibarra, quienes reafirmaron la voluntad de ambas instituciones para seguir colaborando en la consolidaci\u00f3n de una cultura de respeto a los derechos fundamentales en el \u00e1mbito naval y mar\u00edtimo del pa\u00eds.<\/p>\n<p class=\"nota-justify\">En un comunicado, la CNDH inform\u00f3 que el convenio establece las bases para desarrollar estrategias conjuntas en materia de educaci\u00f3n y capacitaci\u00f3n, asegurando que el personal naval reciba formaci\u00f3n continua sobre la protecci\u00f3n y garant\u00eda de los derechos humanos. Adem\u00e1s, se contempla la integraci\u00f3n de un Grupo de Trabajo conformado por representantes de ambas instituciones, quienes ser\u00e1n responsables de dise\u00f1ar e implementar las acciones derivadas del presente acuerdo.<\/p>\n<p class=\"nota-justify\">Morales \u00c1ngeles destac\u00f3 que \u00abeste convenio reafirma el compromiso de la Secretar\u00eda de Marina con la legalidad, la justicia y el respeto a los derechos humanos, pilares fundamentales para el desempe\u00f1o de nuestras funciones en beneficio de la sociedad mexicana\u00bb.<\/p>\n<p class=\"nota-justify\">A su vez, Piedra Ibarra enfatiz\u00f3 que \u00abel fortalecimiento de la cultura de los derechos humanos en las instituciones de seguridad y defensa nacional es una tarea primordial de la CNDH. La colaboraci\u00f3n con la Semar permitir\u00e1 avanzar en la consolidaci\u00f3n de una Armada comprometida con los valores democr\u00e1ticos y el respeto a la dignidad humana\u00bb.<\/p>\n<p class=\"nota-justify\">El presente convenio tendr\u00e1 una vigencia de cuatro a\u00f1os y podr\u00e1 ser prorrogado por acuerdo de ambas partes.<\/p>\n","protected":false},"excerpt":{"rendered":"<p>La Comisi\u00f3n Nacional de los Derechos Humanos (CNDH) y la Secretar\u00eda de Marina (Semar) suscribieron un convenio general de colaboraci\u00f3n<\/p>\n","protected":false},"author":4,"featured_media":53211,"comment_status":"closed","ping_status":"closed","sticky":false,"template":"","format":"standard","meta":{"colormag_page_container_layout":"default_layout","colormag_page_sidebar_layout":"default_layout","_jetpack_memberships_contains_paid_content":false,"footnotes":"","jetpack_publicize_message":"","jetpack_publicize_feature_enabled":true,"jetpack_social_post_already_shared":true,"jetpack_social_options":{"image_generator_settings":{"template":"highway","default_image_id":0,"font":"","enabled":false},"version":2}},"categories":[4],"tags":[],"class_list":["post-53210","post","type-post","status-publish","format-standard","has-post-thumbnail","hentry","category-nacional"],"jetpack_publicize_connections":[],"jetpack_featured_media_url":"https:\/\/noticiasveracruz.com\/wp-content\/uploads\/2025\/03\/DH.jpg","jetpack_sharing_enabled":true,"publishpress_future_action":{"enabled":false,"date":"2026-05-08 05:28:41","action":"change-status","newStatus":"draft","terms":[],"taxonomy":"category","extraData":[]},"publishpress_future_workflow_manual_trigger":{"enabledWorkflows":[]},"_links":{"self":[{"href":"https:\/\/noticiasveracruz.com\/index.php\/wp-json\/wp\/v2\/posts\/53210","targetHints":{"allow":["GET"]}}],"collection":[{"href":"https:\/\/noticiasveracruz.com\/index.php\/wp-json\/wp\/v2\/posts"}],"about":[{"href":"https:\/\/noticiasveracruz.com\/index.php\/wp-json\/wp\/v2\/types\/post"}],"author":[{"embeddable":true,"href":"https:\/\/noticiasveracruz.com\/index.php\/wp-json\/wp\/v2\/users\/4"}],"replies":[{"embeddable":true,"href":"https:\/\/noticiasveracruz.com\/index.php\/wp-json\/wp\/v2\/comments?post=53210"}],"version-history":[{"count":0,"href":"https:\/\/noticiasveracruz.com\/index.php\/wp-json\/wp\/v2\/posts\/53210\/revisions"}],"wp:featuredmedia":[{"embeddable":true,"href":"https:\/\/noticiasveracruz.com\/index.php\/wp-json\/wp\/v2\/media\/53211"}],"wp:attachment":[{"href":"https:\/\/noticiasveracruz.com\/index.php\/wp-json\/wp\/v2\/media?parent=53210"}],"wp:term":[{"taxonomy":"category","embeddable":true,"href":"https:\/\/noticiasveracruz.com\/index.php\/wp-json\/wp\/v2\/categories?post=53210"},{"taxonomy":"post_tag","embeddable":true,"href":"https:\/\/noticiasveracruz.com\/index.php\/wp-json\/wp\/v2\/tags?post=53210"}],"curies":[{"name":"wp","href":"https:\/\/api.w.org\/{rel}","templated":true}]}}