{"id":53195,"date":"2025-03-27T00:03:06","date_gmt":"2025-03-27T06:03:06","guid":{"rendered":"https:\/\/noticiasveracruz.com\/?p=53195"},"modified":"2025-03-26T22:07:42","modified_gmt":"2025-03-27T04:07:42","slug":"atiende-gobernadora-a-padres-inconformes","status":"publish","type":"post","link":"https:\/\/noticiasveracruz.com\/index.php\/2025\/03\/27\/atiende-gobernadora-a-padres-inconformes\/","title":{"rendered":"Atiende gobernadora a padres inconformes"},"content":{"rendered":"<p>La gobernadora Roc\u00edo Nahle Garc\u00eda atendi\u00f3 personalmente a padres de familia de la escuela primaria Jos\u00e9 Mar\u00eda Morelos, quienes denunciaron la retenci\u00f3n de maestros, directora, personal administrativo y de intendencia.<\/p>\n<p>Debido a esta situaci\u00f3n, 350 alumnos quedaron sin docentes desde el lunes, generando incertidumbre en la comunidad estudiantil; el problema surgi\u00f3 por se\u00f1alamientos contra el personal, lo que llev\u00f3 a su separaci\u00f3n temporal mientras se realizan las investigaciones.<\/p>\n<p>Acompa\u00f1ada por la secretaria de Educaci\u00f3n de Veracruz, Claudia Tello Espinosa, la Gobernadora reafirm\u00f3 su compromiso con el bienestar de la ni\u00f1ez y acord\u00f3 revisar el caso para darle una soluci\u00f3n inmediata que garantice la continuidad educativa de los estudiantes.<\/p>\n<p>\u201cVengo de Tantoyuca porque tengo reuni\u00f3n con los directores de todas las escuelas, directamente para ver escuela por escuela, que, si falta el maestro o el director, a m\u00ed lo que m\u00e1s me interesa es que los ni\u00f1os tengan clases, y lo vamos a resolver\u201d, manifest\u00f3.<\/p>\n<p>Posteriormente, Nahle Garc\u00eda visit\u00f3 la comunidad La Isla, en este mismo municipio, donde encabez\u00f3 la segunda reuni\u00f3n con las y los titulares de supervisiones y direcciones primarias para escuchar sus necesidades y definir estrategias que atiendan de manera puntual las condiciones de las escuelas.<\/p>\n","protected":false},"excerpt":{"rendered":"<p>La gobernadora Roc\u00edo Nahle Garc\u00eda atendi\u00f3 personalmente a padres de familia de la escuela primaria Jos\u00e9 Mar\u00eda Morelos, quienes denunciaron<\/p>\n","protected":false},"author":4,"featured_media":53196,"comment_status":"closed","ping_status":"closed","sticky":false,"template":"","format":"standard","meta":{"colormag_page_container_layout":"default_layout","colormag_page_sidebar_layout":"default_layout","_jetpack_memberships_contains_paid_content":false,"footnotes":"","jetpack_publicize_message":"","jetpack_publicize_feature_enabled":true,"jetpack_social_post_already_shared":true,"jetpack_social_options":{"image_generator_settings":{"template":"highway","default_image_id":0,"font":"","enabled":false},"version":2}},"categories":[356],"tags":[],"class_list":["post-53195","post","type-post","status-publish","format-standard","has-post-thumbnail","hentry","category-veracruz"],"jetpack_publicize_connections":[],"jetpack_featured_media_url":"https:\/\/noticiasveracruz.com\/wp-content\/uploads\/2025\/03\/9c-11.jpg","jetpack_sharing_enabled":true,"publishpress_future_action":{"enabled":false,"date":"2026-05-10 06:48:24","action":"change-status","newStatus":"draft","terms":[],"taxonomy":"category","extraData":[]},"publishpress_future_workflow_manual_trigger":{"enabledWorkflows":[]},"_links":{"self":[{"href":"https:\/\/noticiasveracruz.com\/index.php\/wp-json\/wp\/v2\/posts\/53195","targetHints":{"allow":["GET"]}}],"collection":[{"href":"https:\/\/noticiasveracruz.com\/index.php\/wp-json\/wp\/v2\/posts"}],"about":[{"href":"https:\/\/noticiasveracruz.com\/index.php\/wp-json\/wp\/v2\/types\/post"}],"author":[{"embeddable":true,"href":"https:\/\/noticiasveracruz.com\/index.php\/wp-json\/wp\/v2\/users\/4"}],"replies":[{"embeddable":true,"href":"https:\/\/noticiasveracruz.com\/index.php\/wp-json\/wp\/v2\/comments?post=53195"}],"version-history":[{"count":0,"href":"https:\/\/noticiasveracruz.com\/index.php\/wp-json\/wp\/v2\/posts\/53195\/revisions"}],"wp:featuredmedia":[{"embeddable":true,"href":"https:\/\/noticiasveracruz.com\/index.php\/wp-json\/wp\/v2\/media\/53196"}],"wp:attachment":[{"href":"https:\/\/noticiasveracruz.com\/index.php\/wp-json\/wp\/v2\/media?parent=53195"}],"wp:term":[{"taxonomy":"category","embeddable":true,"href":"https:\/\/noticiasveracruz.com\/index.php\/wp-json\/wp\/v2\/categories?post=53195"},{"taxonomy":"post_tag","embeddable":true,"href":"https:\/\/noticiasveracruz.com\/index.php\/wp-json\/wp\/v2\/tags?post=53195"}],"curies":[{"name":"wp","href":"https:\/\/api.w.org\/{rel}","templated":true}]}}