{"id":53192,"date":"2025-03-27T00:02:03","date_gmt":"2025-03-27T06:02:03","guid":{"rendered":"https:\/\/noticiasveracruz.com\/?p=53192"},"modified":"2025-03-26T22:06:59","modified_gmt":"2025-03-27T04:06:59","slug":"rehabilitacion-de-la-127-iniciara-desde-alamo","status":"publish","type":"post","link":"https:\/\/noticiasveracruz.com\/index.php\/2025\/03\/27\/rehabilitacion-de-la-127-iniciara-desde-alamo\/","title":{"rendered":"Rehabilitaci\u00f3n de la 127 iniciar\u00e1 desde \u00c1lamo"},"content":{"rendered":"<p>Como resultado de la reuni\u00f3n sostenida este martes con la Secretar\u00eda de Infraestructura, Comunicaciones y Transportes (SICT) en la Ciudad de M\u00e9xico, la gobernadora Roc\u00edo Nahle Garc\u00eda anunci\u00f3 avances en los proyectos de rehabilitaci\u00f3n carretera para la regi\u00f3n norte del estado.<\/p>\n<p>Durante su visita a Tantoyuca, en entrevista con medios de comunicaci\u00f3n, destac\u00f3 la importancia de mejorar la conectividad vial y se\u00f1al\u00f3 que, tras su recorrido, constat\u00f3 la necesidad de una intervenci\u00f3n integral en la Carretera Federal 127, en el tramo \u00c1lamo-P\u00e1nuco.<\/p>\n<p>\u00abAyer estuvimos en la SICT y revisamos la situaci\u00f3n de la carretera. Tenemos un plan que contemplaba iniciar desde P\u00e1nuco, pero ahora estamos planteando intervenir de manera simult\u00e1nea desde ambos extremos, de P\u00e1nuco hacia el sur y de \u00c1lamo hacia el norte\u00bb, detall\u00f3.<\/p>\n<p>Explic\u00f3 que, aunque se avanz\u00f3 y mejor\u00f3 el tr\u00e1nsito gracias al programa nacional Bachet\u00f3n, la intervenci\u00f3n desde dos frentes permitir\u00e1 agilizar los trabajos y mejorar las condiciones de la v\u00eda en beneficio de las comunidades y sectores productivos de la regi\u00f3n.<\/p>\n<p>Finalmente, la Gobernadora reiter\u00f3 su compromiso de continuar gestionando recursos y coordinando esfuerzos con la Federaci\u00f3n para garantizar infraestructura de calidad en Veracruz.<\/p>\n","protected":false},"excerpt":{"rendered":"<p>Como resultado de la reuni\u00f3n sostenida este martes con la Secretar\u00eda de Infraestructura, Comunicaciones y Transportes (SICT) en la Ciudad<\/p>\n","protected":false},"author":4,"featured_media":53193,"comment_status":"closed","ping_status":"closed","sticky":false,"template":"","format":"standard","meta":{"colormag_page_container_layout":"default_layout","colormag_page_sidebar_layout":"default_layout","_jetpack_memberships_contains_paid_content":false,"footnotes":"","jetpack_publicize_message":"","jetpack_publicize_feature_enabled":true,"jetpack_social_post_already_shared":true,"jetpack_social_options":{"image_generator_settings":{"template":"highway","default_image_id":0,"font":"","enabled":false},"version":2}},"categories":[356],"tags":[],"class_list":["post-53192","post","type-post","status-publish","format-standard","has-post-thumbnail","hentry","category-veracruz"],"jetpack_publicize_connections":[],"jetpack_featured_media_url":"https:\/\/noticiasveracruz.com\/wp-content\/uploads\/2025\/03\/9b-13.jpg","jetpack_sharing_enabled":true,"publishpress_future_action":{"enabled":false,"date":"2026-05-10 07:59:58","action":"change-status","newStatus":"draft","terms":[],"taxonomy":"category","extraData":[]},"publishpress_future_workflow_manual_trigger":{"enabledWorkflows":[]},"_links":{"self":[{"href":"https:\/\/noticiasveracruz.com\/index.php\/wp-json\/wp\/v2\/posts\/53192","targetHints":{"allow":["GET"]}}],"collection":[{"href":"https:\/\/noticiasveracruz.com\/index.php\/wp-json\/wp\/v2\/posts"}],"about":[{"href":"https:\/\/noticiasveracruz.com\/index.php\/wp-json\/wp\/v2\/types\/post"}],"author":[{"embeddable":true,"href":"https:\/\/noticiasveracruz.com\/index.php\/wp-json\/wp\/v2\/users\/4"}],"replies":[{"embeddable":true,"href":"https:\/\/noticiasveracruz.com\/index.php\/wp-json\/wp\/v2\/comments?post=53192"}],"version-history":[{"count":0,"href":"https:\/\/noticiasveracruz.com\/index.php\/wp-json\/wp\/v2\/posts\/53192\/revisions"}],"wp:featuredmedia":[{"embeddable":true,"href":"https:\/\/noticiasveracruz.com\/index.php\/wp-json\/wp\/v2\/media\/53193"}],"wp:attachment":[{"href":"https:\/\/noticiasveracruz.com\/index.php\/wp-json\/wp\/v2\/media?parent=53192"}],"wp:term":[{"taxonomy":"category","embeddable":true,"href":"https:\/\/noticiasveracruz.com\/index.php\/wp-json\/wp\/v2\/categories?post=53192"},{"taxonomy":"post_tag","embeddable":true,"href":"https:\/\/noticiasveracruz.com\/index.php\/wp-json\/wp\/v2\/tags?post=53192"}],"curies":[{"name":"wp","href":"https:\/\/api.w.org\/{rel}","templated":true}]}}