{"id":53189,"date":"2025-03-27T00:01:17","date_gmt":"2025-03-27T06:01:17","guid":{"rendered":"https:\/\/noticiasveracruz.com\/?p=53189"},"modified":"2025-03-26T22:05:57","modified_gmt":"2025-03-27T04:05:57","slug":"garantiza-nahle-cobertura-docente","status":"publish","type":"post","link":"https:\/\/noticiasveracruz.com\/index.php\/2025\/03\/27\/garantiza-nahle-cobertura-docente\/","title":{"rendered":"Garantiza Nahle cobertura docente"},"content":{"rendered":"<p>La gobernadora Roc\u00edo Nahle Garc\u00eda, lider\u00f3 la segunda Reuni\u00f3n de Evaluaci\u00f3n para la mejora educativa en la zona norte, donde sostuvo un encuentro con supervisores y directivos escolares para atender de primera mano las necesidades del sector y avanzar en la reorganizaci\u00f3n del sistema estatal.<\/p>\n<p>Al dirigirse al magisterio, destac\u00f3 su papel fundamental en el desarrollo de la ni\u00f1ez, \u201csin ustedes yo no puedo, los ni\u00f1os y las ni\u00f1as dependen de ustedes y de m\u00ed. Yo los tengo que ayudar, y a eso vengo\u201d, expres\u00f3.<\/p>\n<p>Subray\u00f3 que su administraci\u00f3n trabaja en territorio para atender las necesidades y enfatiz\u00f3 la importancia de un diagn\u00f3stico preciso de las 9 mil 428 primarias del estado para optimizar la cobertura docente, mejorar la infraestructura y administrar de manera eficiente los recursos.<\/p>\n<p>En este sentido, anunci\u00f3 la implementaci\u00f3n de un pase de lista para educadores estatales y federales con el objetivo de garantizar la presencia del personal en las aulas y atender los reportes de ausencia.<\/p>\n<p>Por otra parte, la secretaria de Educaci\u00f3n, Claudia Tello Espinosa, resalt\u00f3 la urgencia de reorganizar la plantilla mediante un proceso ordenado y planificado, \u201cla educaci\u00f3n es nuestra prioridad y vamos a trabajar junto con el magisterio para elevar el nivel acad\u00e9mico en Veracruz\u201d, afirm\u00f3.<\/p>\n<p>Finalmente, la Mandataria reafirm\u00f3 el compromiso con el sector: \u201ctengo la obligaci\u00f3n de retribuir y con respeto a ustedes. Sus derechos laborales y humanos ser\u00e1n respetados, pero hay que trabajar. Maestros trabajando, la Gobernadora trabajando y ni\u00f1os estudiando: esa es la clave para avanzar\u201d.<\/p>\n","protected":false},"excerpt":{"rendered":"<p>La gobernadora Roc\u00edo Nahle Garc\u00eda, lider\u00f3 la segunda Reuni\u00f3n de Evaluaci\u00f3n para la mejora educativa en la zona norte, donde<\/p>\n","protected":false},"author":4,"featured_media":53190,"comment_status":"closed","ping_status":"closed","sticky":false,"template":"","format":"standard","meta":{"colormag_page_container_layout":"default_layout","colormag_page_sidebar_layout":"default_layout","_jetpack_memberships_contains_paid_content":false,"footnotes":"","jetpack_publicize_message":"","jetpack_publicize_feature_enabled":true,"jetpack_social_post_already_shared":true,"jetpack_social_options":{"image_generator_settings":{"template":"highway","default_image_id":0,"font":"","enabled":false},"version":2}},"categories":[356],"tags":[],"class_list":["post-53189","post","type-post","status-publish","format-standard","has-post-thumbnail","hentry","category-veracruz"],"jetpack_publicize_connections":[],"jetpack_featured_media_url":"https:\/\/noticiasveracruz.com\/wp-content\/uploads\/2025\/03\/9a-15-scaled.jpg","jetpack_sharing_enabled":true,"publishpress_future_action":{"enabled":false,"date":"2026-05-10 06:43:56","action":"change-status","newStatus":"draft","terms":[],"taxonomy":"category","extraData":[]},"publishpress_future_workflow_manual_trigger":{"enabledWorkflows":[]},"_links":{"self":[{"href":"https:\/\/noticiasveracruz.com\/index.php\/wp-json\/wp\/v2\/posts\/53189","targetHints":{"allow":["GET"]}}],"collection":[{"href":"https:\/\/noticiasveracruz.com\/index.php\/wp-json\/wp\/v2\/posts"}],"about":[{"href":"https:\/\/noticiasveracruz.com\/index.php\/wp-json\/wp\/v2\/types\/post"}],"author":[{"embeddable":true,"href":"https:\/\/noticiasveracruz.com\/index.php\/wp-json\/wp\/v2\/users\/4"}],"replies":[{"embeddable":true,"href":"https:\/\/noticiasveracruz.com\/index.php\/wp-json\/wp\/v2\/comments?post=53189"}],"version-history":[{"count":0,"href":"https:\/\/noticiasveracruz.com\/index.php\/wp-json\/wp\/v2\/posts\/53189\/revisions"}],"wp:featuredmedia":[{"embeddable":true,"href":"https:\/\/noticiasveracruz.com\/index.php\/wp-json\/wp\/v2\/media\/53190"}],"wp:attachment":[{"href":"https:\/\/noticiasveracruz.com\/index.php\/wp-json\/wp\/v2\/media?parent=53189"}],"wp:term":[{"taxonomy":"category","embeddable":true,"href":"https:\/\/noticiasveracruz.com\/index.php\/wp-json\/wp\/v2\/categories?post=53189"},{"taxonomy":"post_tag","embeddable":true,"href":"https:\/\/noticiasveracruz.com\/index.php\/wp-json\/wp\/v2\/tags?post=53189"}],"curies":[{"name":"wp","href":"https:\/\/api.w.org\/{rel}","templated":true}]}}