{"id":53147,"date":"2025-03-25T22:21:16","date_gmt":"2025-03-26T04:21:16","guid":{"rendered":"https:\/\/noticiasveracruz.com\/?p=53147"},"modified":"2025-03-25T22:21:16","modified_gmt":"2025-03-26T04:21:16","slug":"nahle-va-por-radiografia-real-de-la-educacion","status":"publish","type":"post","link":"https:\/\/noticiasveracruz.com\/index.php\/2025\/03\/25\/nahle-va-por-radiografia-real-de-la-educacion\/","title":{"rendered":"Nahle va por radiograf\u00eda real de la Educaci\u00f3n"},"content":{"rendered":"<p><strong>Este lunes la gobernadora de Veracruz, Roc\u00edo Nahle Garc\u00eda, volvi\u00f3 a demostrar su firme compromiso con la mejora del sistema educativo estatal. En entrevista con este reportero, anunci\u00f3 el inicio de un diagn\u00f3stico integral que contempla 28 reuniones con directores de escuelas primarias en todo el estado. El objetivo es identificar de primera mano las necesidades en infraestructura, personal docente y equipamiento, con miras a implementar soluciones efectivas que fortalezcan la educaci\u00f3n b\u00e1sica en Veracruz.<\/strong><\/p>\n<p><strong>Este enfoque proactivo subraya la importancia que la administraci\u00f3n de Nahle Garc\u00eda otorga a la educaci\u00f3n como pilar de la transformaci\u00f3n social. Al involucrar directamente a los l\u00edderes escolares en el proceso de diagn\u00f3stico, se garantiza que las pol\u00edticas educativas se basen en realidades concretas y no en supuestos. Adem\u00e1s, esta estrategia promueve una mayor participaci\u00f3n y corresponsabilidad de la comunidad educativa en la mejora del sistema.<\/strong><\/p>\n<p><strong>De igual forma y en paralelo, la Confederaci\u00f3n Nacional de Trabajadores Universitarios (CONTU) que encabeza el l\u00edder de la FESAPAUV, Enrique Levet Gorozpe ha solicitado al secretario de Educaci\u00f3n P\u00fablica, Mario Delgado Carillo, apoyo para fortalecer el sistema de pensiones de las universidades p\u00fablicas.<\/strong><\/p>\n<p><strong>La CONTU busca que se asignen recursos al Fondo de Apoyo para las Reformas Estructurales de las Universidades P\u00fablicas Estatales, conocido como U-081, con el fin de asegurar la viabilidad financiera de las pensiones y jubilaciones del personal acad\u00e9mico y administrativo.<\/strong><\/p>\n<p><strong>La preocupaci\u00f3n de la CONTU refleja una problem\u00e1tica que ha afectado a diversas instituciones de educaci\u00f3n superior en el pa\u00eds. La falta de recursos para cubrir las obligaciones pensionarias pone en riesgo la estabilidad laboral y el bienestar de miles de trabajadores universitarios.<\/strong><\/p>\n<p><strong>En este contexto, el modelo implementado por el Instituto de Pensiones del Estado de Veracruz (IPE) bajo la batuta de Daniela Griego Ceballos \u2013en su momento- podr\u00eda servir como referente para otras entidades federativas y universidades que enfrentan desaf\u00edos similares.<\/strong><\/p>\n<p><strong>El IPE ha sido reconocido por su capacidad para gestionar de manera eficiente los recursos destinados a las pensiones de los trabajadores del estado. Su enfoque en la transparencia, la sostenibilidad financiera y la atenci\u00f3n a las necesidades de los pensionados ha permitido mantener un sistema s\u00f3lido y confiable. Replicar este modelo a nivel federal podr\u00eda contribuir a solucionar las dificultades que enfrentan las universidades p\u00fablicas en materia de pensiones.<\/strong><\/p>\n<p><strong>La colaboraci\u00f3n entre los gobiernos estatales y federales es esencial para abordar estos retos. La disposici\u00f3n de la gobernadora Roc\u00edo Nahle Garc\u00eda para trabajar en conjunto con las autoridades educativas federales y las organizaciones sindicales demuestra una voluntad pol\u00edtica que podr\u00eda traducirse en mejoras significativas para el sector educativo en Veracruz y, potencialmente, en todo el pa\u00eds.<\/strong><\/p>\n<p><strong>Es imperativo que las iniciativas enfocadas en el diagn\u00f3stico y mejora de la infraestructura educativa vayan de la mano con pol\u00edticas que aseguren el bienestar de los docentes y personal administrativo. Solo as\u00ed se podr\u00e1 garantizar una educaci\u00f3n de calidad, sustentada en condiciones laborales dignas y en sistemas de pensiones robustos que brinden seguridad a quienes dedican su vida a la formaci\u00f3n de las futuras generaciones.<\/strong><\/p>\n<p><strong>\u00a0<\/strong><\/p>\n<p><strong>Al tiempo.<\/strong><\/p>\n<p><img loading=\"lazy\" decoding=\"async\" class=\"alignnone wp-image-52955 size-full\" src=\"http:\/\/noticiasveracruz.com\/wp-content\/uploads\/2025\/03\/FIRMA-EDITORIAL-PD-6.jpg\" alt=\"\" width=\"1024\" height=\"125\" srcset=\"https:\/\/noticiasveracruz.com\/wp-content\/uploads\/2025\/03\/FIRMA-EDITORIAL-PD-6.jpg 1024w, https:\/\/noticiasveracruz.com\/wp-content\/uploads\/2025\/03\/FIRMA-EDITORIAL-PD-6-300x37.jpg 300w, https:\/\/noticiasveracruz.com\/wp-content\/uploads\/2025\/03\/FIRMA-EDITORIAL-PD-6-768x94.jpg 768w\" sizes=\"auto, (max-width: 1024px) 100vw, 1024px\" \/><\/p>\n","protected":false},"excerpt":{"rendered":"<p>Este lunes la gobernadora de Veracruz, Roc\u00edo Nahle Garc\u00eda, volvi\u00f3 a demostrar su firme compromiso con la mejora del sistema<\/p>\n","protected":false},"author":4,"featured_media":30989,"comment_status":"closed","ping_status":"closed","sticky":false,"template":"","format":"standard","meta":{"colormag_page_container_layout":"default_layout","colormag_page_sidebar_layout":"default_layout","_jetpack_memberships_contains_paid_content":false,"footnotes":"","jetpack_publicize_message":"","jetpack_publicize_feature_enabled":true,"jetpack_social_post_already_shared":true,"jetpack_social_options":{"image_generator_settings":{"template":"highway","default_image_id":0,"font":"","enabled":false},"version":2}},"categories":[6],"tags":[],"class_list":["post-53147","post","type-post","status-publish","format-standard","has-post-thumbnail","hentry","category-columnistas"],"jetpack_publicize_connections":[],"jetpack_featured_media_url":"https:\/\/noticiasveracruz.com\/wp-content\/uploads\/2024\/05\/LUIS-RAMIREZ-BAQUEIRO-800x445-1.png","jetpack_sharing_enabled":true,"publishpress_future_action":{"enabled":false,"date":"2026-05-07 23:58:57","action":"change-status","newStatus":"draft","terms":[],"taxonomy":"category","extraData":[]},"publishpress_future_workflow_manual_trigger":{"enabledWorkflows":[]},"_links":{"self":[{"href":"https:\/\/noticiasveracruz.com\/index.php\/wp-json\/wp\/v2\/posts\/53147","targetHints":{"allow":["GET"]}}],"collection":[{"href":"https:\/\/noticiasveracruz.com\/index.php\/wp-json\/wp\/v2\/posts"}],"about":[{"href":"https:\/\/noticiasveracruz.com\/index.php\/wp-json\/wp\/v2\/types\/post"}],"author":[{"embeddable":true,"href":"https:\/\/noticiasveracruz.com\/index.php\/wp-json\/wp\/v2\/users\/4"}],"replies":[{"embeddable":true,"href":"https:\/\/noticiasveracruz.com\/index.php\/wp-json\/wp\/v2\/comments?post=53147"}],"version-history":[{"count":0,"href":"https:\/\/noticiasveracruz.com\/index.php\/wp-json\/wp\/v2\/posts\/53147\/revisions"}],"wp:featuredmedia":[{"embeddable":true,"href":"https:\/\/noticiasveracruz.com\/index.php\/wp-json\/wp\/v2\/media\/30989"}],"wp:attachment":[{"href":"https:\/\/noticiasveracruz.com\/index.php\/wp-json\/wp\/v2\/media?parent=53147"}],"wp:term":[{"taxonomy":"category","embeddable":true,"href":"https:\/\/noticiasveracruz.com\/index.php\/wp-json\/wp\/v2\/categories?post=53147"},{"taxonomy":"post_tag","embeddable":true,"href":"https:\/\/noticiasveracruz.com\/index.php\/wp-json\/wp\/v2\/tags?post=53147"}],"curies":[{"name":"wp","href":"https:\/\/api.w.org\/{rel}","templated":true}]}}