{"id":53145,"date":"2025-03-25T22:19:29","date_gmt":"2025-03-26T04:19:29","guid":{"rendered":"https:\/\/noticiasveracruz.com\/?p=53145"},"modified":"2025-03-25T22:19:29","modified_gmt":"2025-03-26T04:19:29","slug":"se-podra","status":"publish","type":"post","link":"https:\/\/noticiasveracruz.com\/index.php\/2025\/03\/25\/se-podra\/","title":{"rendered":"\u00bfSE PODR\u00c1?"},"content":{"rendered":"<p>Conviene recordar que bajo nuestro Derecho Penal Patrio exist\u00eda el respeto a la Constituci\u00f3n Pol\u00edtica de los Estados Unidos Mexicanos, o sea, el lugar donde se procuraba e impart\u00eda justicia de forma decente y eficiente. Tal vez sean reminiscencias de lo que fue un M\u00e9xico de grandeza, donde se encarcelaba y juzgaba en sitio y recinto seguro al transgresor de la ley.<\/p>\n<p>Los cr\u00edticos del sistema de justicia actual recordamos que para fortuna de nuestro M\u00e9xico el Estado ejerc\u00eda funciones b\u00e1sicas fundamentales, como lo eran: establecer y respetar el orden jur\u00eddico creado con aquellas normas a las cuales particulares y autoridades deb\u00edan de ajustar su conducta.<\/p>\n<p>No est\u00e1 por dem\u00e1s indicar que el Estado se encontraba obligado a reestablecer el orden jur\u00eddico cuando en su momento era transgredido.<\/p>\n<p>Es importante referir tambi\u00e9n que el Estado se encontraba obligado a dar satisfacci\u00f3n a necesidades b\u00e1sicas como seguridad y justicia, por s\u00f3lo nombrar algunas.<\/p>\n<p>Esas funciones del Estado narradas con antelaci\u00f3n caracterizaban y distingu\u00edan a los Poderes de la Uni\u00f3n que competentemente y en armon\u00eda realizaban los fines del Estado.<\/p>\n<p>Las normas que integraban el orden jur\u00eddico eran intachablemente respetadas.<\/p>\n<p>En \u00e9pocas pasadas nuestro Derecho Nacional impuso deberes a gobernantes y gobernados, al mismo tiempo tutel\u00f3 intereses particulares.\u00a0 Ordenaba a gobernantes, como sujetos de relaci\u00f3n de esos Poderes de la Federaci\u00f3n, que se comportar\u00e1n de manera integra respecto a la seguridad de los gobernados y \u00e9stos a la vez tendr\u00edan que ser exigentes para que la autoridad diera justo cumplimiento y comportamiento a aquello mandatado por la ley, a sabiendas que se podr\u00eda contar con la asistencia del mismo Estado.<\/p>\n<p>En aquel entonces la obediencia a la norma deb\u00eda de ser, a la vez, cumplida por el mismo Estado, gobernados y gobernantes conoc\u00edamos la existencia de los deberes de conducta y sin necesidad de coerci\u00f3n se cumpl\u00edan voluntaria y espont\u00e1neamente esos compromisos en forma libre.<\/p>\n<p>Si el derecho era inobservado, interven\u00eda el Estado para actuar y hacer cumplir la voluntad de la ley y hacerla pol\u00edticamente efectiva.<\/p>\n<p>Conviene decir que el Estado durante la \u00e9poca del neoliberalismo y posterior a ello no reaccion\u00f3 ante el nacimiento de la narco-pol\u00edtica, como deber\u00eda haber reaccionado.<\/p>\n<p>La pregunta a formular ser\u00eda \u00bfpodr\u00e1 la Primera Magistrada de la Naci\u00f3n encauzar los actos de gobierno para sancionar el fen\u00f3meno de la narco- pol\u00edtica?<\/p>\n<p>Es cu\u00e1nto.<\/p>\n<p><img loading=\"lazy\" decoding=\"async\" class=\"alignnone wp-image-52955 size-full\" src=\"http:\/\/noticiasveracruz.com\/wp-content\/uploads\/2025\/03\/FIRMA-EDITORIAL-PD-6.jpg\" alt=\"\" width=\"1024\" height=\"125\" srcset=\"https:\/\/noticiasveracruz.com\/wp-content\/uploads\/2025\/03\/FIRMA-EDITORIAL-PD-6.jpg 1024w, https:\/\/noticiasveracruz.com\/wp-content\/uploads\/2025\/03\/FIRMA-EDITORIAL-PD-6-300x37.jpg 300w, https:\/\/noticiasveracruz.com\/wp-content\/uploads\/2025\/03\/FIRMA-EDITORIAL-PD-6-768x94.jpg 768w\" sizes=\"auto, (max-width: 1024px) 100vw, 1024px\" \/><\/p>\n","protected":false},"excerpt":{"rendered":"<p>Conviene recordar que bajo nuestro Derecho Penal Patrio exist\u00eda el respeto a la Constituci\u00f3n Pol\u00edtica de los Estados Unidos Mexicanos,<\/p>\n","protected":false},"author":4,"featured_media":39651,"comment_status":"closed","ping_status":"closed","sticky":false,"template":"","format":"standard","meta":{"colormag_page_container_layout":"default_layout","colormag_page_sidebar_layout":"default_layout","_jetpack_memberships_contains_paid_content":false,"footnotes":"","jetpack_publicize_message":"","jetpack_publicize_feature_enabled":true,"jetpack_social_post_already_shared":true,"jetpack_social_options":{"image_generator_settings":{"template":"highway","default_image_id":0,"font":"","enabled":false},"version":2}},"categories":[6],"tags":[],"class_list":["post-53145","post","type-post","status-publish","format-standard","has-post-thumbnail","hentry","category-columnistas"],"jetpack_publicize_connections":[],"jetpack_featured_media_url":"https:\/\/noticiasveracruz.com\/wp-content\/uploads\/2024\/09\/NV-ALBERTO-WOOLRICH-2.jpg","jetpack_sharing_enabled":true,"publishpress_future_action":{"enabled":false,"date":"2026-05-08 00:50:36","action":"change-status","newStatus":"draft","terms":[],"taxonomy":"category","extraData":[]},"publishpress_future_workflow_manual_trigger":{"enabledWorkflows":[]},"_links":{"self":[{"href":"https:\/\/noticiasveracruz.com\/index.php\/wp-json\/wp\/v2\/posts\/53145","targetHints":{"allow":["GET"]}}],"collection":[{"href":"https:\/\/noticiasveracruz.com\/index.php\/wp-json\/wp\/v2\/posts"}],"about":[{"href":"https:\/\/noticiasveracruz.com\/index.php\/wp-json\/wp\/v2\/types\/post"}],"author":[{"embeddable":true,"href":"https:\/\/noticiasveracruz.com\/index.php\/wp-json\/wp\/v2\/users\/4"}],"replies":[{"embeddable":true,"href":"https:\/\/noticiasveracruz.com\/index.php\/wp-json\/wp\/v2\/comments?post=53145"}],"version-history":[{"count":0,"href":"https:\/\/noticiasveracruz.com\/index.php\/wp-json\/wp\/v2\/posts\/53145\/revisions"}],"wp:featuredmedia":[{"embeddable":true,"href":"https:\/\/noticiasveracruz.com\/index.php\/wp-json\/wp\/v2\/media\/39651"}],"wp:attachment":[{"href":"https:\/\/noticiasveracruz.com\/index.php\/wp-json\/wp\/v2\/media?parent=53145"}],"wp:term":[{"taxonomy":"category","embeddable":true,"href":"https:\/\/noticiasveracruz.com\/index.php\/wp-json\/wp\/v2\/categories?post=53145"},{"taxonomy":"post_tag","embeddable":true,"href":"https:\/\/noticiasveracruz.com\/index.php\/wp-json\/wp\/v2\/tags?post=53145"}],"curies":[{"name":"wp","href":"https:\/\/api.w.org\/{rel}","templated":true}]}}