{"id":53143,"date":"2025-03-25T22:16:21","date_gmt":"2025-03-26T04:16:21","guid":{"rendered":"https:\/\/noticiasveracruz.com\/?p=53143"},"modified":"2025-03-25T22:16:21","modified_gmt":"2025-03-26T04:16:21","slug":"el-peor-festival-tajin-este-ano","status":"publish","type":"post","link":"https:\/\/noticiasveracruz.com\/index.php\/2025\/03\/25\/el-peor-festival-tajin-este-ano\/","title":{"rendered":"El peor festival Taj\u00edn este a\u00f1o"},"content":{"rendered":"<ul>\n<li style=\"font-weight: 400;\"><strong>Paso de un evento Internacional a una feria de cualquier pueblo<\/strong><\/li>\n<li style=\"font-weight: 400;\"><strong>Las pol\u00e9micas declaraciones de la secretaria de Turismo Nena de la Reguera<\/strong><\/li>\n<li style=\"font-weight: 400;\"><strong>El video en las redes alcanz\u00f3 en dos d\u00edas, 84,600 visualizaciones<\/strong><\/li>\n<\/ul>\n<p style=\"font-weight: 400;\"><strong>Por Miguel \u00c1ngel Cristiani G.<\/strong><\/p>\n<p style=\"font-weight: 400;\">Termin\u00f3 este domingo el llamado Festival Cumbre Taj\u00edn 2025, con m\u00e1s penas que glorias, que pas\u00f3 de ser un evento con figuras internacionales en sus inicios, a lo que bien podr\u00eda ser una feria de pueblo, que no festival, en la versi\u00f3n de este a\u00f1o.<\/p>\n<p style=\"font-weight: 400;\">Nada m\u00e1s habr\u00eda que recordar que en sus primeros a\u00f1os, de la Cumbre Taj\u00edn, entre los artistas que se presentaron estaba la cantante Bj\u00f6rk<\/p>\n<p style=\"font-weight: 400;\">Para quienes no lo saben, ahora que est\u00e1 de moda la ignorancia, la joven Reikiavik, (21 de noviembre de 1965), conocida como Bj\u00f6rk, es una cantante, compositora de canciones, multiinstrumentista, actriz, escritora, DJ y productora islandesa. Es reconocida por hacer m\u00fasica experimental, alternativa y vanguardista con la cual ha obtenido gran reconocimiento a nivel internacional, tanto de cr\u00edtica como de p\u00fablico. \u200b Varios de sus \u00e1lbumes han alcanzado el top 100 en la lista Billboard 200: el m\u00e1s reciente es Fossora (2022).<\/p>\n<p style=\"font-weight: 400;\">Bj\u00f6rk ha logrado que 41 de sus sencillos lleguen a los primeros 30 en listas musicales de todo el mundo, tambi\u00e9n ha posicionado 22 \u00e9xitos en el top 20 en el Reino Unido, incluidos algunos de sus mayores \u00e9xitos como \u00abIt&#8217;s Oh So Quiet\u00bb, \u00abArmy of Me\u00bb e \u00abHyper-ballad\u00bb. Bj\u00f6rk ha vendido m\u00e1s de 20 millones de \u00e1lbumes en todo el mundo, siendo una de las cantantes alternativas con m\u00e1s \u00e1lbumes vendidos de todos los tiempos. En ese mismo a\u00f1o respectivamente Bj\u00f6rk fue incluida en la lista de los 100 artistas m\u00e1s influyentes del siglo. As\u00ed mismo, tambi\u00e9n fue incluida por la revista Rolling Stone como una de las cantantes y compositoras m\u00e1s influyentes de la \u00e9poca actual, incluyendo su presencia en la lista de los 200 artistas m\u00e1s influyentes de los \u00faltimos 25 a\u00f1os por Pitchfork en 2021. \u200b Bj\u00f6rk tambi\u00e9n ha sido nominada 16 veces a los Premios Grammy desde el a\u00f1o 1994 al 2022.<\/p>\n<p style=\"font-weight: 400;\">En contraste, este a\u00f1o en la Cumbre Taj\u00edn se present\u00f3 un grupo, que m\u00e1s que conjunto musical, parec\u00edan los famosos Chichimecas, aquellos que en los a\u00f1os 60 sal\u00edan en la televisi\u00f3n con Paco Stanley.<\/p>\n<p style=\"font-weight: 400;\">Pero lo m\u00e1s chulo, fueron las declaraciones de la se\u00f1ora secretaria de Turismo del Estado, la Nena de la Reguera, que entrevistada reconoci\u00f3 que no conoc\u00eda el parque Taj\u00edn, \u201cque estaba enorme\u201d y que no hab\u00eda ido nunca, que tampoco sab\u00eda c\u00f3mo les hab\u00eda ido a los hoteleros, y muchas otras \u201cjoyitas\u201d m\u00e1s.<\/p>\n<p style=\"font-weight: 400;\">Esto dijo Nena de la Reguera:\u00a0<a href=\"https:\/\/video.twimg.com\/amplify_video\/1903268190769057792\/vid\/avc1\/1278x720\/VGO3dcdGvj6M_6mV.mp4?tag=14\" data-saferedirecturl=\"https:\/\/www.google.com\/url?q=https:\/\/video.twimg.com\/amplify_video\/1903268190769057792\/vid\/avc1\/1278x720\/VGO3dcdGvj6M_6mV.mp4?tag%3D14&amp;source=gmail&amp;ust=1743048710705000&amp;usg=AOvVaw2lFotD-6IQLv9cWlHJbFX9\">video.twimg.com\/amplify_video\/1903268190769057792\/vid\/avc1\/1278&#215;720\/VGO3dcdGvj6M_6mV.mp4?tag=14<\/a><\/p>\n<p style=\"font-weight: 400;\">En el video publicado por\u00a0<a href=\"http:\/\/e-veracruz.mx\/\" data-saferedirecturl=\"https:\/\/www.google.com\/url?q=http:\/\/e-veracruz.mx&amp;source=gmail&amp;ust=1743048710705000&amp;usg=AOvVaw1zopfqQN1VzNUIMk98oTFD\">e-veracruz.mx<\/a>\u00a0alcanz\u00f3 en dos d\u00edas, 84,600 visualizaciones, que no las alcanza ni la gobernadora con todo su equipo de comunicaci\u00f3n, pero lo interesante es lo que le comentaron los internautas:<\/p>\n<p style=\"font-weight: 400;\">JhosMart&#8230;<\/p>\n<p style=\"font-weight: 400;\">@HeRod73<\/p>\n<p style=\"font-weight: 400;\">Pues c\u00f3mo va a ir, si sus viajes y paseos son al extranjero, no conocen su propio pa\u00eds, son gente que no quiere al pueblo, pero piden el voto y ah\u00ed van como buenos borregos.<\/p>\n<p style=\"font-weight: 400;\">IOV<\/p>\n<p style=\"font-weight: 400;\">@iortizv1<\/p>\n<p style=\"font-weight: 400;\">\u00bfCon esto se quiere \u201cponer de moda a Veracruz\u201d?<\/p>\n<p style=\"font-weight: 400;\">Hectorr<\/p>\n<p style=\"font-weight: 400;\">@revueltasrizo<\/p>\n<p style=\"font-weight: 400;\">\u00bfEsta drogada verdad?<\/p>\n<p style=\"font-weight: 400;\">Justwatching<\/p>\n<p style=\"font-weight: 400;\">@SIJustwatching<\/p>\n<p style=\"font-weight: 400;\">La incompetencia es una constante en los gobiernos de #Morena<\/p>\n<p style=\"font-weight: 400;\">Alfonso Giles<\/p>\n<p style=\"font-weight: 400;\">@Alfgiles<\/p>\n<p style=\"font-weight: 400;\">Y como todo ignorante \u2026 se r\u00ede cuando no sabe que responder \u2026<\/p>\n<p style=\"font-weight: 400;\">Sthephany Collins<\/p>\n<p style=\"font-weight: 400;\">@chaochav<\/p>\n<p style=\"font-weight: 400;\">WTF el tercer mundo duele bien cul**o<\/p>\n<p style=\"font-weight: 400;\">Antares de Escorpio<\/p>\n<p style=\"font-weight: 400;\">@AntaresMictlan<\/p>\n<p style=\"font-weight: 400;\">\u00abNena\u00bb we&#8230;\u00a0\u00a0con raz\u00f3n las pinches seudo instituciones p\u00fablicas pendejas de este puto pa\u00eds est\u00e1n por la verga<\/p>\n<p style=\"font-weight: 400;\">Adela Del Carmen<\/p>\n<p style=\"font-weight: 400;\">@cotaamabile<\/p>\n<p style=\"font-weight: 400;\">Que bruta es la pobre<\/p>\n<p style=\"font-weight: 400;\">Amy Mtzv<\/p>\n<p style=\"font-weight: 400;\">@AmidMtz<\/p>\n<p style=\"font-weight: 400;\">La nalgona tiene a una fif\u00ed, pero ignorante en el cargo.<\/p>\n<p style=\"font-weight: 400;\">El TIGRE<\/p>\n<p style=\"font-weight: 400;\">@ElTigrePolitico<\/p>\n<p style=\"font-weight: 400;\">Ella es la personificaci\u00f3n del proyecto de naci\u00f3n de la 4t.<\/p>\n<p style=\"font-weight: 400;\">Gente mediocre e incompetente que su \u00fanico talento sea el culto a la secta.<\/p>\n<p style=\"font-weight: 400;\">Para m\u00e1s informaci\u00f3n consulta nuestra p\u00e1gina\u00a0<a href=\"https:\/\/www.xn--bitacoraspolticas-ovb.com\/\" data-saferedirecturl=\"https:\/\/www.google.com\/url?q=https:\/\/www.xn--bitacoraspolticas-ovb.com\/&amp;source=gmail&amp;ust=1743048710705000&amp;usg=AOvVaw1HScbhjn5QmRn2LYyt-KIW\">https:\/\/www.xn--bitacoraspolticas-ovb.com\/<\/a><\/p>\n<p><img loading=\"lazy\" decoding=\"async\" class=\"alignnone wp-image-52955 size-full\" src=\"http:\/\/noticiasveracruz.com\/wp-content\/uploads\/2025\/03\/FIRMA-EDITORIAL-PD-6.jpg\" alt=\"\" width=\"1024\" height=\"125\" srcset=\"https:\/\/noticiasveracruz.com\/wp-content\/uploads\/2025\/03\/FIRMA-EDITORIAL-PD-6.jpg 1024w, https:\/\/noticiasveracruz.com\/wp-content\/uploads\/2025\/03\/FIRMA-EDITORIAL-PD-6-300x37.jpg 300w, https:\/\/noticiasveracruz.com\/wp-content\/uploads\/2025\/03\/FIRMA-EDITORIAL-PD-6-768x94.jpg 768w\" sizes=\"auto, (max-width: 1024px) 100vw, 1024px\" \/><\/p>\n","protected":false},"excerpt":{"rendered":"<p>Paso de un evento Internacional a una feria de cualquier pueblo Las pol\u00e9micas declaraciones de la secretaria de Turismo Nena<\/p>\n","protected":false},"author":4,"featured_media":29037,"comment_status":"closed","ping_status":"closed","sticky":false,"template":"","format":"standard","meta":{"colormag_page_container_layout":"default_layout","colormag_page_sidebar_layout":"default_layout","_jetpack_memberships_contains_paid_content":false,"footnotes":"","jetpack_publicize_message":"","jetpack_publicize_feature_enabled":true,"jetpack_social_post_already_shared":true,"jetpack_social_options":{"image_generator_settings":{"template":"highway","default_image_id":0,"font":"","enabled":false},"version":2}},"categories":[6],"tags":[],"class_list":["post-53143","post","type-post","status-publish","format-standard","has-post-thumbnail","hentry","category-columnistas"],"jetpack_publicize_connections":[],"jetpack_featured_media_url":"https:\/\/noticiasveracruz.com\/wp-content\/uploads\/2024\/04\/BANNER-cristiani-NV.jpg","jetpack_sharing_enabled":true,"publishpress_future_action":{"enabled":false,"date":"2026-05-08 04:32:06","action":"change-status","newStatus":"draft","terms":[],"taxonomy":"category","extraData":[]},"publishpress_future_workflow_manual_trigger":{"enabledWorkflows":[]},"_links":{"self":[{"href":"https:\/\/noticiasveracruz.com\/index.php\/wp-json\/wp\/v2\/posts\/53143","targetHints":{"allow":["GET"]}}],"collection":[{"href":"https:\/\/noticiasveracruz.com\/index.php\/wp-json\/wp\/v2\/posts"}],"about":[{"href":"https:\/\/noticiasveracruz.com\/index.php\/wp-json\/wp\/v2\/types\/post"}],"author":[{"embeddable":true,"href":"https:\/\/noticiasveracruz.com\/index.php\/wp-json\/wp\/v2\/users\/4"}],"replies":[{"embeddable":true,"href":"https:\/\/noticiasveracruz.com\/index.php\/wp-json\/wp\/v2\/comments?post=53143"}],"version-history":[{"count":0,"href":"https:\/\/noticiasveracruz.com\/index.php\/wp-json\/wp\/v2\/posts\/53143\/revisions"}],"wp:featuredmedia":[{"embeddable":true,"href":"https:\/\/noticiasveracruz.com\/index.php\/wp-json\/wp\/v2\/media\/29037"}],"wp:attachment":[{"href":"https:\/\/noticiasveracruz.com\/index.php\/wp-json\/wp\/v2\/media?parent=53143"}],"wp:term":[{"taxonomy":"category","embeddable":true,"href":"https:\/\/noticiasveracruz.com\/index.php\/wp-json\/wp\/v2\/categories?post=53143"},{"taxonomy":"post_tag","embeddable":true,"href":"https:\/\/noticiasveracruz.com\/index.php\/wp-json\/wp\/v2\/tags?post=53143"}],"curies":[{"name":"wp","href":"https:\/\/api.w.org\/{rel}","templated":true}]}}