{"id":53083,"date":"2025-03-26T00:01:31","date_gmt":"2025-03-26T06:01:31","guid":{"rendered":"https:\/\/noticiasveracruz.com\/?p=53083"},"modified":"2025-03-25T20:51:17","modified_gmt":"2025-03-26T02:51:17","slug":"feria-de-la-salud-llega-a-la-sev","status":"publish","type":"post","link":"https:\/\/noticiasveracruz.com\/index.php\/2025\/03\/26\/feria-de-la-salud-llega-a-la-sev\/","title":{"rendered":"Feria de la Salud llega a la SEV"},"content":{"rendered":"<p>La Secretar\u00eda de Educaci\u00f3n de Veracruz (SEV) puso en marcha la Feria de la Salud en sus oficinas centrales, ofreciendo servicios m\u00e9dicos gratuitos hasta el 28 de marzo para la prevenci\u00f3n y detecci\u00f3n temprana de enfermedades, posteriormente, esta iniciativa se extender\u00e1 a las escuelas en beneficio de las comunidades docente y estudiantil.<\/p>\n<p>Organizada por la Coordinaci\u00f3n para la Difusi\u00f3n y Optimizaci\u00f3n de los Servicios Educativos, en colaboraci\u00f3n con la Secretar\u00eda de Salud y la Universidad Veracruzana, la Feria forma parte de la Estrategia Nacional \u00abVive Saludable, Vive Feliz\u00bb, cuyo objetivo es promover el bienestar integral y la prevenci\u00f3n de enfermedades.<\/p>\n<p>De 10:00 a 15:00 horas, en la explanada de la SEV, realizar\u00e1n pruebas para la detecci\u00f3n de c\u00e1ncer cervicouterino, de mama y VIH, medici\u00f3n de glucosa, aplicaci\u00f3n de vacunas, pruebas de ant\u00edgeno prost\u00e1tico, as\u00ed como orientaci\u00f3n en salud mental, bucal, sexual y reproductiva y cuidado visual.<\/p>\n<p>La titular de la dependencia, Claudia Tello Espinosa, invit\u00f3 a las y los trabajadores a aprovechar estos servicios y agradeci\u00f3 el apoyo de los l\u00edderes sindicales. Por su parte, el jefe de la Jurisdicci\u00f3n Sanitaria V, Leonel Efr\u00e9n Rivera Pinete, destac\u00f3 que la Feria de la Salud se replicar\u00e1 en las escuelas como parte de las acciones preventivas.<\/p>\n<p>Ingrid Medina Delf\u00edn, trabajadora de la SEV, aprovech\u00f3 la jornada para vacunarse, se\u00f1alando que su carga laboral le dificulta acudir a su unidad m\u00e9dica. Sa\u00fal Ram\u00edrez Orozco y Rolando Quiroz Mart\u00ednez coincidieron en la importancia de estos servicios para la detecci\u00f3n temprana de enfermedades.<\/p>\n","protected":false},"excerpt":{"rendered":"<p>La Secretar\u00eda de Educaci\u00f3n de Veracruz (SEV) puso en marcha la Feria de la Salud en sus oficinas centrales, ofreciendo<\/p>\n","protected":false},"author":4,"featured_media":53084,"comment_status":"closed","ping_status":"closed","sticky":false,"template":"","format":"standard","meta":{"colormag_page_container_layout":"default_layout","colormag_page_sidebar_layout":"default_layout","_jetpack_memberships_contains_paid_content":false,"footnotes":"","jetpack_publicize_message":"","jetpack_publicize_feature_enabled":true,"jetpack_social_post_already_shared":true,"jetpack_social_options":{"image_generator_settings":{"template":"highway","default_image_id":0,"font":"","enabled":false},"version":2}},"categories":[356],"tags":[],"class_list":["post-53083","post","type-post","status-publish","format-standard","has-post-thumbnail","hentry","category-veracruz"],"jetpack_publicize_connections":[],"jetpack_featured_media_url":"https:\/\/noticiasveracruz.com\/wp-content\/uploads\/2025\/03\/9c-10.jpg","jetpack_sharing_enabled":true,"publishpress_future_action":{"enabled":false,"date":"2026-05-07 23:55:34","action":"change-status","newStatus":"draft","terms":[],"taxonomy":"category","extraData":[]},"publishpress_future_workflow_manual_trigger":{"enabledWorkflows":[]},"_links":{"self":[{"href":"https:\/\/noticiasveracruz.com\/index.php\/wp-json\/wp\/v2\/posts\/53083","targetHints":{"allow":["GET"]}}],"collection":[{"href":"https:\/\/noticiasveracruz.com\/index.php\/wp-json\/wp\/v2\/posts"}],"about":[{"href":"https:\/\/noticiasveracruz.com\/index.php\/wp-json\/wp\/v2\/types\/post"}],"author":[{"embeddable":true,"href":"https:\/\/noticiasveracruz.com\/index.php\/wp-json\/wp\/v2\/users\/4"}],"replies":[{"embeddable":true,"href":"https:\/\/noticiasveracruz.com\/index.php\/wp-json\/wp\/v2\/comments?post=53083"}],"version-history":[{"count":0,"href":"https:\/\/noticiasveracruz.com\/index.php\/wp-json\/wp\/v2\/posts\/53083\/revisions"}],"wp:featuredmedia":[{"embeddable":true,"href":"https:\/\/noticiasveracruz.com\/index.php\/wp-json\/wp\/v2\/media\/53084"}],"wp:attachment":[{"href":"https:\/\/noticiasveracruz.com\/index.php\/wp-json\/wp\/v2\/media?parent=53083"}],"wp:term":[{"taxonomy":"category","embeddable":true,"href":"https:\/\/noticiasveracruz.com\/index.php\/wp-json\/wp\/v2\/categories?post=53083"},{"taxonomy":"post_tag","embeddable":true,"href":"https:\/\/noticiasveracruz.com\/index.php\/wp-json\/wp\/v2\/tags?post=53083"}],"curies":[{"name":"wp","href":"https:\/\/api.w.org\/{rel}","templated":true}]}}