{"id":53077,"date":"2025-03-25T20:19:58","date_gmt":"2025-03-26T02:19:58","guid":{"rendered":"https:\/\/noticiasveracruz.com\/?p=53077"},"modified":"2025-03-25T20:19:58","modified_gmt":"2025-03-26T02:19:58","slug":"tuxpan-destaca-a-nivel-estatal-por-la-implementacion-efectiva-de-mejora-regulatoria","status":"publish","type":"post","link":"https:\/\/noticiasveracruz.com\/index.php\/2025\/03\/25\/tuxpan-destaca-a-nivel-estatal-por-la-implementacion-efectiva-de-mejora-regulatoria\/","title":{"rendered":"Tuxpan destaca a nivel estatal por la implementaci\u00f3n efectiva de mejora regulatoria"},"content":{"rendered":"<p>Tuxpan, Ver., 25 de marzo de 2025.- Se llev\u00f3 a cabo la Segunda Sesi\u00f3n del Consejo de Mejora Regulatoria del H. Ayuntamiento de Tuxpan, en la que se dio a conocer el plan seguimiento a la implementaci\u00f3n de esta importante pol\u00edtica p\u00fablica.<\/p>\n<p><img loading=\"lazy\" decoding=\"async\" class=\"alignnone size-medium wp-image-53081\" src=\"http:\/\/noticiasveracruz.com\/wp-content\/uploads\/2025\/03\/WhatsApp-Image-2025-03-25-at-18.09.39-300x169.jpeg\" alt=\"\" width=\"300\" height=\"169\" srcset=\"https:\/\/noticiasveracruz.com\/wp-content\/uploads\/2025\/03\/WhatsApp-Image-2025-03-25-at-18.09.39-300x169.jpeg 300w, https:\/\/noticiasveracruz.com\/wp-content\/uploads\/2025\/03\/WhatsApp-Image-2025-03-25-at-18.09.39-1024x575.jpeg 1024w, https:\/\/noticiasveracruz.com\/wp-content\/uploads\/2025\/03\/WhatsApp-Image-2025-03-25-at-18.09.39-768x432.jpeg 768w, https:\/\/noticiasveracruz.com\/wp-content\/uploads\/2025\/03\/WhatsApp-Image-2025-03-25-at-18.09.39-1536x863.jpeg 1536w, https:\/\/noticiasveracruz.com\/wp-content\/uploads\/2025\/03\/WhatsApp-Image-2025-03-25-at-18.09.39.jpeg 1600w\" sizes=\"auto, (max-width: 300px) 100vw, 300px\" \/><\/p>\n<p>Encabezaron la reuni\u00f3n el Lic. Juan Pablo Alc\u00e1ntar Alvarado, secretario t\u00e9cnico del ayuntamiento, en representaci\u00f3n del presidente municipal Dr. Jes\u00fas Fomperoza Torres; la Lic. Itzel Aleli Dom\u00ednguez Zopiyactle, comisionada veracruzana de Mejora Regulatoria; la Lic. Lidia Soni Gallardo, secretaria t\u00e9cnica del Consejo, enlace municipal de Mejora Regulatoria y directora de Desarrollo Econ\u00f3mico.<\/p>\n<p><img loading=\"lazy\" decoding=\"async\" class=\"alignnone size-medium wp-image-53079\" src=\"http:\/\/noticiasveracruz.com\/wp-content\/uploads\/2025\/03\/WhatsApp-Image-2025-03-25-at-18.09.39-2-300x173.jpeg\" alt=\"\" width=\"300\" height=\"173\" srcset=\"https:\/\/noticiasveracruz.com\/wp-content\/uploads\/2025\/03\/WhatsApp-Image-2025-03-25-at-18.09.39-2-300x173.jpeg 300w, https:\/\/noticiasveracruz.com\/wp-content\/uploads\/2025\/03\/WhatsApp-Image-2025-03-25-at-18.09.39-2-1024x591.jpeg 1024w, https:\/\/noticiasveracruz.com\/wp-content\/uploads\/2025\/03\/WhatsApp-Image-2025-03-25-at-18.09.39-2-768x443.jpeg 768w, https:\/\/noticiasveracruz.com\/wp-content\/uploads\/2025\/03\/WhatsApp-Image-2025-03-25-at-18.09.39-2-1536x886.jpeg 1536w, https:\/\/noticiasveracruz.com\/wp-content\/uploads\/2025\/03\/WhatsApp-Image-2025-03-25-at-18.09.39-2.jpeg 1600w\" sizes=\"auto, (max-width: 300px) 100vw, 300px\" \/><\/p>\n<p>Estuvieron presentes las regidoras y los regidores Mar\u00eda del Pilar Mart\u00ednez Matesanz, Maryanela Monroy Flores, Anah\u00ed Aguilar L\u00f3pez, Juan G\u00f3mez Garc\u00eda, Lucero Res\u00e9ndis Ambrocio, Luis Demetrio L\u00f3pez Mar\u00edn y Axel Bernal Herrera.<\/p>\n<p>Asimismo, el Lic. Rub\u00e9n Islas P\u00e9rez, director de la UGM campus Tuxpan; Lic. Adriana Gisell Sosa Ben\u00edtez, presidenta de la Asociaci\u00f3n de Hoteles y Moteles de Tuxpan y la Huasteca; el Lic. Salvador Cruz Bautista, presidente de CANIRAC; funcionarios del ayuntamiento; representantes de las c\u00e1maras empresariales y asociaciones civiles y del sector social.<\/p>\n<p><img loading=\"lazy\" decoding=\"async\" class=\"alignnone size-medium wp-image-53078\" src=\"http:\/\/noticiasveracruz.com\/wp-content\/uploads\/2025\/03\/WhatsApp-Image-2025-03-25-at-18.09.39-1-300x169.jpeg\" alt=\"\" width=\"300\" height=\"169\" srcset=\"https:\/\/noticiasveracruz.com\/wp-content\/uploads\/2025\/03\/WhatsApp-Image-2025-03-25-at-18.09.39-1-300x169.jpeg 300w, https:\/\/noticiasveracruz.com\/wp-content\/uploads\/2025\/03\/WhatsApp-Image-2025-03-25-at-18.09.39-1-1024x576.jpeg 1024w, https:\/\/noticiasveracruz.com\/wp-content\/uploads\/2025\/03\/WhatsApp-Image-2025-03-25-at-18.09.39-1-768x432.jpeg 768w, https:\/\/noticiasveracruz.com\/wp-content\/uploads\/2025\/03\/WhatsApp-Image-2025-03-25-at-18.09.39-1-1536x864.jpeg 1536w, https:\/\/noticiasveracruz.com\/wp-content\/uploads\/2025\/03\/WhatsApp-Image-2025-03-25-at-18.09.39-1.jpeg 1600w\" sizes=\"auto, (max-width: 300px) 100vw, 300px\" \/><\/p>\n<p>El secretario t\u00e9cnico del Ayuntamiento destac\u00f3 que es una obligaci\u00f3n de todos los funcionarios p\u00fablicos cumplir con todo el proceso de mejora regulatoria, la cual permitir\u00e1 realizar tr\u00e1mites y servicios simplificados, y al mismo tiempo har\u00e1 m\u00e1s transparentes las finanzas del gobierno municipal, generando mayores beneficios a la sociedad.<\/p>\n<p>Alc\u00e1ntar Alvarado indic\u00f3 que Tuxpan es uno de los municipios m\u00e1s avanzados en poner en pr\u00e1ctica esta pol\u00edtica.<\/p>\n<p>Por su parte, la Lic. Itzel Aleli Dom\u00ednguez Zopiyactle, dijo que Tuxpan es el tercer municipio a nivel estatal en el seguimiento de la implementaci\u00f3n de esta pol\u00edtica p\u00fablica.<\/p>\n","protected":false},"excerpt":{"rendered":"<p>Tuxpan, Ver., 25 de marzo de 2025.- Se llev\u00f3 a cabo la Segunda Sesi\u00f3n del Consejo de Mejora Regulatoria del<\/p>\n","protected":false},"author":4,"featured_media":53080,"comment_status":"closed","ping_status":"closed","sticky":false,"template":"","format":"standard","meta":{"colormag_page_container_layout":"default_layout","colormag_page_sidebar_layout":"default_layout","_jetpack_memberships_contains_paid_content":false,"footnotes":"","jetpack_publicize_message":"","jetpack_publicize_feature_enabled":true,"jetpack_social_post_already_shared":true,"jetpack_social_options":{"image_generator_settings":{"template":"highway","default_image_id":0,"font":"","enabled":false},"version":2}},"categories":[3372,356],"tags":[],"class_list":["post-53077","post","type-post","status-publish","format-standard","has-post-thumbnail","hentry","category-gobierno-tuxpan","category-veracruz"],"jetpack_publicize_connections":[],"jetpack_featured_media_url":"https:\/\/noticiasveracruz.com\/wp-content\/uploads\/2025\/03\/WhatsApp-Image-2025-03-25-at-18.09.39-3.jpeg","jetpack_sharing_enabled":true,"publishpress_future_action":{"enabled":false,"date":"2026-05-08 02:18:32","action":"change-status","newStatus":"draft","terms":[],"taxonomy":"category","extraData":[]},"publishpress_future_workflow_manual_trigger":{"enabledWorkflows":[]},"_links":{"self":[{"href":"https:\/\/noticiasveracruz.com\/index.php\/wp-json\/wp\/v2\/posts\/53077","targetHints":{"allow":["GET"]}}],"collection":[{"href":"https:\/\/noticiasveracruz.com\/index.php\/wp-json\/wp\/v2\/posts"}],"about":[{"href":"https:\/\/noticiasveracruz.com\/index.php\/wp-json\/wp\/v2\/types\/post"}],"author":[{"embeddable":true,"href":"https:\/\/noticiasveracruz.com\/index.php\/wp-json\/wp\/v2\/users\/4"}],"replies":[{"embeddable":true,"href":"https:\/\/noticiasveracruz.com\/index.php\/wp-json\/wp\/v2\/comments?post=53077"}],"version-history":[{"count":0,"href":"https:\/\/noticiasveracruz.com\/index.php\/wp-json\/wp\/v2\/posts\/53077\/revisions"}],"wp:featuredmedia":[{"embeddable":true,"href":"https:\/\/noticiasveracruz.com\/index.php\/wp-json\/wp\/v2\/media\/53080"}],"wp:attachment":[{"href":"https:\/\/noticiasveracruz.com\/index.php\/wp-json\/wp\/v2\/media?parent=53077"}],"wp:term":[{"taxonomy":"category","embeddable":true,"href":"https:\/\/noticiasveracruz.com\/index.php\/wp-json\/wp\/v2\/categories?post=53077"},{"taxonomy":"post_tag","embeddable":true,"href":"https:\/\/noticiasveracruz.com\/index.php\/wp-json\/wp\/v2\/tags?post=53077"}],"curies":[{"name":"wp","href":"https:\/\/api.w.org\/{rel}","templated":true}]}}