{"id":53059,"date":"2025-03-25T00:19:15","date_gmt":"2025-03-25T06:19:15","guid":{"rendered":"https:\/\/noticiasveracruz.com\/?p=53059"},"modified":"2025-03-24T22:09:06","modified_gmt":"2025-03-25T04:09:06","slug":"en-aniversario-golpe-de-estado-milei-cuestiona-a-grupos-humanitarios","status":"publish","type":"post","link":"https:\/\/noticiasveracruz.com\/index.php\/2025\/03\/25\/en-aniversario-golpe-de-estado-milei-cuestiona-a-grupos-humanitarios\/","title":{"rendered":"En aniversario golpe de Estado, Milei cuestiona a grupos humanitarios"},"content":{"rendered":"<p>Durante la conmemoraci\u00f3n el lunes del 49no. aniversario del golpe de Estado que instaur\u00f3 la \u00faltima dictadura militar en Argentina, el gobierno del ultraderechista Javier Milei cuestion\u00f3 el relato que a su entender promovieron los organismos humanitarios sobre ese cruento per\u00edodo, pidi\u00f3 recordar las acciones \u201cterroristas\u201d de los grupos guerrilleros y anunci\u00f3 un proyecto legislativo para declarar imprescriptibles los cr\u00edmenes que estos \u00faltimos cometieron.<\/p>\n<p>Milei poste\u00f3 en su cuenta de X, antes Twitter, un video oficialista que inst\u00f3 a que se recuerde a las v\u00edctimas de los grupos armados de izquierda para \u201ccompletar\u201d la memoria hist\u00f3rica en Argentina. La movida se produjo en l\u00ednea con la batalla cultural que el mandatario viene librando desde que lleg\u00f3 al poder a fines de 2023 en contra del socialismo y lo que considera una interpretaci\u00f3n sesgada por parte de organismos humanitarios sobre la dictadura y la violenta d\u00e9cada de los 70.<\/p>\n<p>El video se difundi\u00f3 a pocas horas de la marcha encabezada por activistas de derechos humanos para recordar el golpe militar que deriv\u00f3 en una dictadura de siete a\u00f1os que puso en marcha un plan sistem\u00e1tico de secuestros, torturas y desapariciones. Se espera que la movilizaci\u00f3n, a la que tambi\u00e9n se sumar\u00e1n organizaciones sociales y estudiantiles y distintas fuerzas pol\u00edticas, sea multitudinaria y transcurra bajo consignas antigubernamentales.<\/p>\n<p>\u201cMemoria, Verdad y Justicia. Completa\u201d, dijo Milei en su posteo. El video cuestion\u00f3 que en el siglo XXI las nuevas generaciones fueron \u201cadoctrinadas\u201d por los gobiernos de turno desconociendo el violento accionar de las organizaciones guerrilleras izquierdistas y peronistas que comenzaron a actuar en los a\u00f1os previos al golpe de 1976. Tambi\u00e9n critic\u00f3 que la historia ense\u00f1ada desde el Estado se ha centrado en los cr\u00edmenes perpetrados por las Fuerzas Armadas a partir de su llegada al poder.<\/p>\n<p>Referentes de derechos humanos apuntaron que Milei est\u00e1 negando la dimensi\u00f3n del horror que tuvo lugar al equiparar la violencia de las guerrillas con el terrorismo de Estado y justificar as\u00ed la represi\u00f3n ejercida sobre cualquier persona que fuera considerada subversiva.<\/p>\n<p>Carlos Pisoni, de la agrupaci\u00f3n que re\u00fane a hijos de personas desaparecidas durante la dictadura, argument\u00f3 que \u201choy es necesaria una ley contra el negacionismo en la Argentina\u201d. Sobre el video oficialista que llama a romper con el relato \u201cimpuesto\u201d desde los organismos humanitarios, afirm\u00f3 que \u201clo \u00fanico que deber\u00eda pedir romper el gobierno son los pactos de silencio de los genocidas\u00bb.<\/p>\n<p>Adem\u00e1s, el gobierno volvi\u00f3 a desechar la cifra 30 mil desaparecidos que han venido sosteniendo los organismos de derechos humanos en su reclamo para que se descubra el paradero de las v\u00edctimas de la represi\u00f3n militar ilegal y todos los responsables sean castigados con penas de prisi\u00f3n.<\/p>\n<p>El video se\u00f1ala que esa cifra contradice las de investigaciones oficiales realizadas desde la recuperaci\u00f3n democr\u00e1tica que apuntan a m\u00e1s de 7 mil muertos y desaparecidos. Cuestion\u00f3 adem\u00e1s que el \u201cnegocio del setentismo\u201d implic\u00f3 un alto costo econ\u00f3mico para el Estado en concepto de indemnizaciones y que los organismos de derechos humanos \u201csirvieron como usinas de adoctrinamiento y trampolines pol\u00edticos para sus dirigentes\u201d.<\/p>\n<p>En la jornada de conmemoraci\u00f3n el gobierno anunci\u00f3 adem\u00e1s que tom\u00f3 la decisi\u00f3n de acompa\u00f1ar el \u201cpedido de justicia\u201d de la familia del capit\u00e1n Humberto Viola, \u201cfusilado en 1974, en plena democracia, junto con su hija Mar\u00eda Cristina de 3 a\u00f1os, a manos del Ej\u00e9rcito Revolucionario del Pueblo (ERP)\u00bb, al que calific\u00f3 de organziaci\u00f3n terrorista, e instruy\u00f3 a una dependencia de la Canciller\u00eda \u00abpara que se reconozca ante la CIDH (Comisi\u00f3n Interamericana de Derechos Humanos) que este crimen debe ser considerado un delito de lesa humanidad\u201d.<\/p>\n<p>El gobierno dijo que la medida se inscribe en el marco de un acuerdo con la familia de Viola y que como parte del mismo enviar\u00e1 al Congreso un proyecto para establecer \u00abla imprescriptibilidad penal y civil de este tipo de delitos\u201d. Elllo supondr\u00eda que su persecuci\u00f3n y castigo no tienen l\u00edmite de tiempo, lo que en los hechos s\u00ed ocurre actualmente en \u00e1mbitos judiciales argentinos.<\/p>\n<p>Por otro lado, anunci\u00f3 la desclasificaci\u00f3n de la informaci\u00f3n en manos de la oficina de inteligencia sobre el accionar de los militares en la dictadura, lo que implica su traspaso a la \u00f3rbita del Archivo General de la Naci\u00f3n, para terminar con la \u201copacidad que rode\u00f3 durante d\u00e9cadas los documentos\u00bb.<\/p>\n","protected":false},"excerpt":{"rendered":"<p>Durante la conmemoraci\u00f3n el lunes del 49no. aniversario del golpe de Estado que instaur\u00f3 la \u00faltima dictadura militar en Argentina,<\/p>\n","protected":false},"author":4,"featured_media":53060,"comment_status":"closed","ping_status":"closed","sticky":false,"template":"","format":"standard","meta":{"colormag_page_container_layout":"default_layout","colormag_page_sidebar_layout":"default_layout","_jetpack_memberships_contains_paid_content":false,"footnotes":"","jetpack_publicize_message":"","jetpack_publicize_feature_enabled":true,"jetpack_social_post_already_shared":true,"jetpack_social_options":{"image_generator_settings":{"template":"highway","default_image_id":0,"font":"","enabled":false},"version":2}},"categories":[355],"tags":[],"class_list":["post-53059","post","type-post","status-publish","format-standard","has-post-thumbnail","hentry","category-internacional"],"jetpack_publicize_connections":[],"jetpack_featured_media_url":"https:\/\/noticiasveracruz.com\/wp-content\/uploads\/2025\/03\/en-aniversario-golpe-de-estado-milei-cuestiona-a-grupos-humanitarios_b219269a-bdc9-4f0a-ad19-00522339699a_mediarawimagetrue.jpg","jetpack_sharing_enabled":true,"publishpress_future_action":{"enabled":false,"date":"2026-05-10 04:41:59","action":"change-status","newStatus":"draft","terms":[],"taxonomy":"category","extraData":[]},"publishpress_future_workflow_manual_trigger":{"enabledWorkflows":[]},"_links":{"self":[{"href":"https:\/\/noticiasveracruz.com\/index.php\/wp-json\/wp\/v2\/posts\/53059","targetHints":{"allow":["GET"]}}],"collection":[{"href":"https:\/\/noticiasveracruz.com\/index.php\/wp-json\/wp\/v2\/posts"}],"about":[{"href":"https:\/\/noticiasveracruz.com\/index.php\/wp-json\/wp\/v2\/types\/post"}],"author":[{"embeddable":true,"href":"https:\/\/noticiasveracruz.com\/index.php\/wp-json\/wp\/v2\/users\/4"}],"replies":[{"embeddable":true,"href":"https:\/\/noticiasveracruz.com\/index.php\/wp-json\/wp\/v2\/comments?post=53059"}],"version-history":[{"count":0,"href":"https:\/\/noticiasveracruz.com\/index.php\/wp-json\/wp\/v2\/posts\/53059\/revisions"}],"wp:featuredmedia":[{"embeddable":true,"href":"https:\/\/noticiasveracruz.com\/index.php\/wp-json\/wp\/v2\/media\/53060"}],"wp:attachment":[{"href":"https:\/\/noticiasveracruz.com\/index.php\/wp-json\/wp\/v2\/media?parent=53059"}],"wp:term":[{"taxonomy":"category","embeddable":true,"href":"https:\/\/noticiasveracruz.com\/index.php\/wp-json\/wp\/v2\/categories?post=53059"},{"taxonomy":"post_tag","embeddable":true,"href":"https:\/\/noticiasveracruz.com\/index.php\/wp-json\/wp\/v2\/tags?post=53059"}],"curies":[{"name":"wp","href":"https:\/\/api.w.org\/{rel}","templated":true}]}}