{"id":53041,"date":"2025-03-25T00:13:21","date_gmt":"2025-03-25T06:13:21","guid":{"rendered":"https:\/\/noticiasveracruz.com\/?p=53041"},"modified":"2025-03-24T21:55:21","modified_gmt":"2025-03-25T03:55:21","slug":"reporta-guerrero-mas-de-5-mil-hectareas-danadas-por-incendios-forestales","status":"publish","type":"post","link":"https:\/\/noticiasveracruz.com\/index.php\/2025\/03\/25\/reporta-guerrero-mas-de-5-mil-hectareas-danadas-por-incendios-forestales\/","title":{"rendered":"Reporta Guerrero m\u00e1s de 5 mil hect\u00e1reas da\u00f1adas por incendios forestales"},"content":{"rendered":"<p class=\"nota-justify\">La Secretar\u00eda de Gesti\u00f3n Integral de Riesgos y Protecci\u00f3n Civil estatal inform\u00f3 que en lo que va de la temporada 2025 de incendios forestales, entre el primero de diciembre de 2024 y el 24 de marzo de 2025, 5 mil 774 hect\u00e1reas han sido afectadas por el fuego en 26 incendios forestales registrados en la entidad en lo que va del a\u00f1o.<\/p>\n<p class=\"nota-justify\">Hasta el momento, la dependencia ha contabilizado 195 incendios en el estado de Guerrero, de tipo forestal, suburbano, en lotes bald\u00edos y basureros municipales, con da\u00f1os en 6 mil 142 hect\u00e1reas.<\/p>\n<p class=\"nota-justify\">Se registra mayor afectaci\u00f3n en incendios de tipo forestal, con 5 mil 774 hect\u00e1reas da\u00f1adas por 26 incendios, cifra que representa hasta el momento, la superficie menos da\u00f1ada en comparaci\u00f3n con los \u00faltimos cinco a\u00f1os en Guerrero.<\/p>\n<p class=\"nota-justify\">Se han contabilizado 60 incendios de lotes bald\u00edos, con afectaci\u00f3n para 61 hect\u00e1reas; 94 incendios suburbanos, con da\u00f1o para 395 hect\u00e1reas; as\u00ed como 15 incendios en basureros, con 1.62 hect\u00e1reas afectadas.<\/p>\n<p class=\"nota-justify\">En relaci\u00f3n con incendios forestales, la regi\u00f3n m\u00e1s afectada es la Tierra Caliente, con 3 mil 367 hect\u00e1reas afectadas, seguida por la regi\u00f3n Norte, con m\u00e1s de mil hect\u00e1reas da\u00f1adas; y la Monta\u00f1a, con 649 hect\u00e1reas perjudicadas por el fuego.<\/p>\n<p class=\"nota-justify\">En tanto, Acapulco registra hasta el momento 23 incendios suburbanos, con 16 hect\u00e1reas afectadas; 40 incendios en lotes bald\u00edos, con m\u00e1s de 46 hect\u00e1reas da\u00f1adas; y cinco incendios en basureros municipales.<\/p>\n<p class=\"nota-justify\">La ma\u00f1ana del lunes, la Coordinaci\u00f3n General de Protecci\u00f3n Civil y Bomberos de Acapulco, en coordinaci\u00f3n con otras instancias de gobierno, acudieron a un incendio registrado en la secci\u00f3n de playa del hotel Mayan Palace, en la avenida Las Palmas de la zona Diamante de Acapulco, el cual fue controlado por trabajadores del lugar.<\/p>\n<p class=\"nota-justify\">Seg\u00fan versiones de los trabajadores, el fuego fue originado entre el mobiliario de playa, el cual se suscit\u00f3 al realizar labores de soldadura en el lugar.<\/p>\n<p class=\"nota-justify\">Personal de bomberos realiz\u00f3 una supervisi\u00f3n en el sitio, para constatar que no exist\u00eda riesgo de que las llamas se reavivaran.<\/p>\n","protected":false},"excerpt":{"rendered":"<p>La Secretar\u00eda de Gesti\u00f3n Integral de Riesgos y Protecci\u00f3n Civil estatal inform\u00f3 que en lo que va de la temporada<\/p>\n","protected":false},"author":4,"featured_media":53042,"comment_status":"closed","ping_status":"closed","sticky":false,"template":"","format":"standard","meta":{"colormag_page_container_layout":"default_layout","colormag_page_sidebar_layout":"default_layout","_jetpack_memberships_contains_paid_content":false,"footnotes":"","jetpack_publicize_message":"","jetpack_publicize_feature_enabled":true,"jetpack_social_post_already_shared":true,"jetpack_social_options":{"image_generator_settings":{"template":"highway","default_image_id":0,"font":"","enabled":false},"version":2}},"categories":[145],"tags":[],"class_list":["post-53041","post","type-post","status-publish","format-standard","has-post-thumbnail","hentry","category-estados"],"jetpack_publicize_connections":[],"jetpack_featured_media_url":"https:\/\/noticiasveracruz.com\/wp-content\/uploads\/2025\/03\/incendio-forestal-pc-guerrero-1132x670-1.png","jetpack_sharing_enabled":true,"publishpress_future_action":{"enabled":false,"date":"2026-05-08 05:48:27","action":"change-status","newStatus":"draft","terms":[],"taxonomy":"category","extraData":[]},"publishpress_future_workflow_manual_trigger":{"enabledWorkflows":[]},"_links":{"self":[{"href":"https:\/\/noticiasveracruz.com\/index.php\/wp-json\/wp\/v2\/posts\/53041","targetHints":{"allow":["GET"]}}],"collection":[{"href":"https:\/\/noticiasveracruz.com\/index.php\/wp-json\/wp\/v2\/posts"}],"about":[{"href":"https:\/\/noticiasveracruz.com\/index.php\/wp-json\/wp\/v2\/types\/post"}],"author":[{"embeddable":true,"href":"https:\/\/noticiasveracruz.com\/index.php\/wp-json\/wp\/v2\/users\/4"}],"replies":[{"embeddable":true,"href":"https:\/\/noticiasveracruz.com\/index.php\/wp-json\/wp\/v2\/comments?post=53041"}],"version-history":[{"count":0,"href":"https:\/\/noticiasveracruz.com\/index.php\/wp-json\/wp\/v2\/posts\/53041\/revisions"}],"wp:featuredmedia":[{"embeddable":true,"href":"https:\/\/noticiasveracruz.com\/index.php\/wp-json\/wp\/v2\/media\/53042"}],"wp:attachment":[{"href":"https:\/\/noticiasveracruz.com\/index.php\/wp-json\/wp\/v2\/media?parent=53041"}],"wp:term":[{"taxonomy":"category","embeddable":true,"href":"https:\/\/noticiasveracruz.com\/index.php\/wp-json\/wp\/v2\/categories?post=53041"},{"taxonomy":"post_tag","embeddable":true,"href":"https:\/\/noticiasveracruz.com\/index.php\/wp-json\/wp\/v2\/tags?post=53041"}],"curies":[{"name":"wp","href":"https:\/\/api.w.org\/{rel}","templated":true}]}}