{"id":53032,"date":"2025-03-25T00:10:37","date_gmt":"2025-03-25T06:10:37","guid":{"rendered":"https:\/\/noticiasveracruz.com\/?p=53032"},"modified":"2025-03-24T21:44:34","modified_gmt":"2025-03-25T03:44:34","slug":"demanda-de-energia-mundial-crecio-4-4-en-2024","status":"publish","type":"post","link":"https:\/\/noticiasveracruz.com\/index.php\/2025\/03\/25\/demanda-de-energia-mundial-crecio-4-4-en-2024\/","title":{"rendered":"Demanda de energ\u00eda mundial creci\u00f3 4.4% en 2024"},"content":{"rendered":"<p class=\"nota-justify\">El consumo de energ\u00eda en el mundo aument\u00f3 m\u00e1s en 2024 que durante toda la d\u00e9cada precedente, impulsado por la electricidad y la ca\u00edda del petr\u00f3leo, revel\u00f3 este lunes la Agencia Internacional de Energ\u00eda (AIE).<\/p>\n<p class=\"nota-justify\">La evoluci\u00f3n de esta demanda de energ\u00eda fue de +2.2 por ciento en 2024, o sea casi dos veces m\u00e1s que el promedio de los diez a\u00f1os anteriores (1.3 por ciento), entre 2013 y 2023, indica la AIE en el informe.<\/p>\n<p class=\"nota-justify\">Por primera vez, la cuota del petr\u00f3leo descendi\u00f3 bajo el umbral de 30 por ciento, 50 a\u00f1os despu\u00e9s de haber alcanzado un m\u00e1ximo de 46 por ciento.<\/p>\n<p class=\"nota-justify\">El consumo de electricidad subi\u00f3 m\u00e1s de 4 por ciento, lo que representa mil 100 teravatios-hora adicionales, equivalentes al consumo anual de Jap\u00f3n.<\/p>\n<p class=\"nota-justify\">Este avance de 4 por ciento es el alza m\u00e1s importante jam\u00e1s registrada, por fuera de los a\u00f1os de recuperaci\u00f3n tras una recesi\u00f3n.<\/p>\n<p class=\"nota-justify\">La AIE considera que este incremento del consumo el\u00e9ctrico es una consecuencia de la creciente demanda de sistemas de refrigeraci\u00f3n, debido a las temperaturas r\u00e9cord, pero tambi\u00e9n se debe a las crecientes necesidades de la industria, los centros de datos y la inteligencia artificial, y la electrificaci\u00f3n de los transportes.<\/p>\n<p class=\"nota-justify\">\u201cLa utilizaci\u00f3n de la electricidad crece r\u00e1pidamente, a tal punto que eso fue suficiente para invertir la curva tras a\u00f1os de consumo energ\u00e9tico hacia la baja en las econom\u00edas avanzadas\u201d, coment\u00f3 el director ejecutivo de la AIE, Fatih Birol, en el informe.<\/p>\n<p class=\"nota-justify\">De cada cinco autom\u00f3viles vendidos en el mundo uno es el\u00e9ctrico. Las ventas de veh\u00edculos el\u00e9ctricos aumentaron en m\u00e1s de 25 por ciento en 2024.<\/p>\n<p class=\"nota-justify\">Las energ\u00edas renovables y la nuclear suministraron 80 por ciento de la electricidad adicional consumida en 2024. Juntas, esas dos fuentes de energ\u00eda representan por primera vez 40 por ciento de la producci\u00f3n total de electricidad en el mundo.<\/p>\n<p class=\"nota-justify\">Entre las energ\u00edas f\u00f3siles, el consumo de gas es el que m\u00e1s creci\u00f3 en 2024, con un incremento de 115 mil millones de metros c\u00fabicos (+2.7 por ciento), tras un aumento promedio de 75 mil millones de m3 en los diez a\u00f1os anteriores.<\/p>\n<p class=\"nota-justify\">Fueron los pa\u00edses emergentes y en desarrollo los que impulsaron el aumento en 80 por ciento del consumo de energ\u00eda en el mundo, aunque el crecimiento en China disminuy\u00f3.<\/p>\n<p class=\"nota-justify\">En los pa\u00edses desarrollados, el consumo tambi\u00e9n aument\u00f3 (+1 por ciento) tras a\u00f1os de baja.<\/p>\n","protected":false},"excerpt":{"rendered":"<p>El consumo de energ\u00eda en el mundo aument\u00f3 m\u00e1s en 2024 que durante toda la d\u00e9cada precedente, impulsado por la<\/p>\n","protected":false},"author":4,"featured_media":53033,"comment_status":"closed","ping_status":"closed","sticky":false,"template":"","format":"standard","meta":{"colormag_page_container_layout":"default_layout","colormag_page_sidebar_layout":"default_layout","_jetpack_memberships_contains_paid_content":false,"footnotes":"","jetpack_publicize_message":"","jetpack_publicize_feature_enabled":true,"jetpack_social_post_already_shared":true,"jetpack_social_options":{"image_generator_settings":{"template":"highway","default_image_id":0,"font":"","enabled":false},"version":2}},"categories":[1947],"tags":[],"class_list":["post-53032","post","type-post","status-publish","format-standard","has-post-thumbnail","hentry","category-economia"],"jetpack_publicize_connections":[],"jetpack_featured_media_url":"https:\/\/noticiasveracruz.com\/wp-content\/uploads\/2025\/03\/energia-2024-07-22T161257.005.jpg","jetpack_sharing_enabled":true,"publishpress_future_action":{"enabled":false,"date":"2026-05-08 05:10:53","action":"change-status","newStatus":"draft","terms":[],"taxonomy":"category","extraData":[]},"publishpress_future_workflow_manual_trigger":{"enabledWorkflows":[]},"_links":{"self":[{"href":"https:\/\/noticiasveracruz.com\/index.php\/wp-json\/wp\/v2\/posts\/53032","targetHints":{"allow":["GET"]}}],"collection":[{"href":"https:\/\/noticiasveracruz.com\/index.php\/wp-json\/wp\/v2\/posts"}],"about":[{"href":"https:\/\/noticiasveracruz.com\/index.php\/wp-json\/wp\/v2\/types\/post"}],"author":[{"embeddable":true,"href":"https:\/\/noticiasveracruz.com\/index.php\/wp-json\/wp\/v2\/users\/4"}],"replies":[{"embeddable":true,"href":"https:\/\/noticiasveracruz.com\/index.php\/wp-json\/wp\/v2\/comments?post=53032"}],"version-history":[{"count":0,"href":"https:\/\/noticiasveracruz.com\/index.php\/wp-json\/wp\/v2\/posts\/53032\/revisions"}],"wp:featuredmedia":[{"embeddable":true,"href":"https:\/\/noticiasveracruz.com\/index.php\/wp-json\/wp\/v2\/media\/53033"}],"wp:attachment":[{"href":"https:\/\/noticiasveracruz.com\/index.php\/wp-json\/wp\/v2\/media?parent=53032"}],"wp:term":[{"taxonomy":"category","embeddable":true,"href":"https:\/\/noticiasveracruz.com\/index.php\/wp-json\/wp\/v2\/categories?post=53032"},{"taxonomy":"post_tag","embeddable":true,"href":"https:\/\/noticiasveracruz.com\/index.php\/wp-json\/wp\/v2\/tags?post=53032"}],"curies":[{"name":"wp","href":"https:\/\/api.w.org\/{rel}","templated":true}]}}