{"id":52984,"date":"2025-03-24T19:16:15","date_gmt":"2025-03-25T01:16:15","guid":{"rendered":"https:\/\/noticiasveracruz.com\/?p=52984"},"modified":"2025-03-24T19:16:15","modified_gmt":"2025-03-25T01:16:15","slug":"con-lunes-civico-se-conmemoro-el-aniversario-del-natalicio-del-gral-ignacio-zaragoza","status":"publish","type":"post","link":"https:\/\/noticiasveracruz.com\/index.php\/2025\/03\/24\/con-lunes-civico-se-conmemoro-el-aniversario-del-natalicio-del-gral-ignacio-zaragoza\/","title":{"rendered":"Con Lunes C\u00edvico se conmemor\u00f3 el aniversario del natalicio del Gral. Ignacio Zaragoza"},"content":{"rendered":"<p>Tuxpan, Ver., 24 de marzo de 2025.- Con el objetivo de reforzar los valores c\u00edvicos y fomentar la identidad nacional y el respeto por nuestros s\u00edmbolos patrios, el gobierno de Tuxpan realiz\u00f3 en la explanada municipal el Lunes C\u00edvico en el que se conmemor\u00f3 el aniversario del natalicio del Gral. Ignacio Zaragoza.<\/p>\n<p><img loading=\"lazy\" decoding=\"async\" class=\"alignnone size-medium wp-image-52989\" src=\"http:\/\/noticiasveracruz.com\/wp-content\/uploads\/2025\/03\/WhatsApp-Image-2025-03-24-at-10.45.26-300x169.jpeg\" alt=\"\" width=\"300\" height=\"169\" srcset=\"https:\/\/noticiasveracruz.com\/wp-content\/uploads\/2025\/03\/WhatsApp-Image-2025-03-24-at-10.45.26-300x169.jpeg 300w, https:\/\/noticiasveracruz.com\/wp-content\/uploads\/2025\/03\/WhatsApp-Image-2025-03-24-at-10.45.26-1024x576.jpeg 1024w, https:\/\/noticiasveracruz.com\/wp-content\/uploads\/2025\/03\/WhatsApp-Image-2025-03-24-at-10.45.26-768x432.jpeg 768w, https:\/\/noticiasveracruz.com\/wp-content\/uploads\/2025\/03\/WhatsApp-Image-2025-03-24-at-10.45.26-1536x864.jpeg 1536w, https:\/\/noticiasveracruz.com\/wp-content\/uploads\/2025\/03\/WhatsApp-Image-2025-03-24-at-10.45.26.jpeg 1600w\" sizes=\"auto, (max-width: 300px) 100vw, 300px\" \/><\/p>\n<p>Participaron estudiantes de la escuela primaria Ignacio Zaragoza, quienes llevaron a cabo los honores al l\u00e1baro patrio, dirigieron el Juramento a la Bandera y entonaron las notas de nuestro Himno Nacional.<\/p>\n<p><img loading=\"lazy\" decoding=\"async\" class=\"alignnone size-medium wp-image-52988\" src=\"http:\/\/noticiasveracruz.com\/wp-content\/uploads\/2025\/03\/WhatsApp-Image-2025-03-24-at-10.45.25-300x200.jpeg\" alt=\"\" width=\"300\" height=\"200\" srcset=\"https:\/\/noticiasveracruz.com\/wp-content\/uploads\/2025\/03\/WhatsApp-Image-2025-03-24-at-10.45.25-300x200.jpeg 300w, https:\/\/noticiasveracruz.com\/wp-content\/uploads\/2025\/03\/WhatsApp-Image-2025-03-24-at-10.45.25-1024x681.jpeg 1024w, https:\/\/noticiasveracruz.com\/wp-content\/uploads\/2025\/03\/WhatsApp-Image-2025-03-24-at-10.45.25-768x511.jpeg 768w, https:\/\/noticiasveracruz.com\/wp-content\/uploads\/2025\/03\/WhatsApp-Image-2025-03-24-at-10.45.25-1536x1021.jpeg 1536w, https:\/\/noticiasveracruz.com\/wp-content\/uploads\/2025\/03\/WhatsApp-Image-2025-03-24-at-10.45.25.jpeg 1600w\" sizes=\"auto, (max-width: 300px) 100vw, 300px\" \/><\/p>\n<p>De la misma manera, expusieron las efem\u00e9rides de esta semana y presentaron una rese\u00f1a y una poes\u00eda coral alusiva a Ignacio Zaragoza, considerado constructor de la patria, defensor de la soberan\u00eda y h\u00e9roe de la Batalla de Puebla.<\/p>\n<p><img loading=\"lazy\" decoding=\"async\" class=\"alignnone size-medium wp-image-52987\" src=\"http:\/\/noticiasveracruz.com\/wp-content\/uploads\/2025\/03\/WhatsApp-Image-2025-03-24-at-10.45.25-3-300x169.jpeg\" alt=\"\" width=\"300\" height=\"169\" srcset=\"https:\/\/noticiasveracruz.com\/wp-content\/uploads\/2025\/03\/WhatsApp-Image-2025-03-24-at-10.45.25-3-300x169.jpeg 300w, https:\/\/noticiasveracruz.com\/wp-content\/uploads\/2025\/03\/WhatsApp-Image-2025-03-24-at-10.45.25-3-1024x576.jpeg 1024w, https:\/\/noticiasveracruz.com\/wp-content\/uploads\/2025\/03\/WhatsApp-Image-2025-03-24-at-10.45.25-3-768x432.jpeg 768w, https:\/\/noticiasveracruz.com\/wp-content\/uploads\/2025\/03\/WhatsApp-Image-2025-03-24-at-10.45.25-3-1536x864.jpeg 1536w, https:\/\/noticiasveracruz.com\/wp-content\/uploads\/2025\/03\/WhatsApp-Image-2025-03-24-at-10.45.25-3.jpeg 1600w\" sizes=\"auto, (max-width: 300px) 100vw, 300px\" \/><\/p>\n<p>En el acto estuvieron presentes el Prof. Jorge Arturo Garc\u00eda Robles, director de Educaci\u00f3n, en representaci\u00f3n del alcalde Dr. Jes\u00fas Fomperoza Torres; el Cap. Nav. Luis Arturo Herrera V\u00e1zquez, en representaci\u00f3n de la Fuerza Naval del Golfo; el Primer Maestre Erasmo Pepe Meraz, representando al Sector Naval de Tuxpan.<\/p>\n<p><img loading=\"lazy\" decoding=\"async\" class=\"alignnone size-medium wp-image-52985\" src=\"http:\/\/noticiasveracruz.com\/wp-content\/uploads\/2025\/03\/WhatsApp-Image-2025-03-24-at-10.45.25-1-300x169.jpeg\" alt=\"\" width=\"300\" height=\"169\" srcset=\"https:\/\/noticiasveracruz.com\/wp-content\/uploads\/2025\/03\/WhatsApp-Image-2025-03-24-at-10.45.25-1-300x169.jpeg 300w, https:\/\/noticiasveracruz.com\/wp-content\/uploads\/2025\/03\/WhatsApp-Image-2025-03-24-at-10.45.25-1-1024x576.jpeg 1024w, https:\/\/noticiasveracruz.com\/wp-content\/uploads\/2025\/03\/WhatsApp-Image-2025-03-24-at-10.45.25-1-768x432.jpeg 768w, https:\/\/noticiasveracruz.com\/wp-content\/uploads\/2025\/03\/WhatsApp-Image-2025-03-24-at-10.45.25-1-1536x864.jpeg 1536w, https:\/\/noticiasveracruz.com\/wp-content\/uploads\/2025\/03\/WhatsApp-Image-2025-03-24-at-10.45.25-1.jpeg 1600w\" sizes=\"auto, (max-width: 300px) 100vw, 300px\" \/><\/p>\n<p>Estefani Isabel Cruz Cobos, de la Regidur\u00eda S\u00e9ptima comisionada en Educaci\u00f3n; el Lic. Gerardo Rodr\u00edguez Garc\u00eda, en representaci\u00f3n de la Delegaci\u00f3n Regional de la SEV; la Mtra. Ver\u00f3nica Magaly Romero Vargas, por parte de la escuela primaria participante y el Lic. Bibiano Herrera G\u00f3mez, coordinador del IVEA en Tuxpan.<\/p>\n<p>Tambi\u00e9n se cont\u00f3 con la asistencia de personal docente y directivo de la escuela participante, padres y madres de familia y elementos de Polic\u00eda Municipal y Tur\u00edstica, Protecci\u00f3n Civil y Bomberos.<\/p>\n","protected":false},"excerpt":{"rendered":"<p>Tuxpan, Ver., 24 de marzo de 2025.- Con el objetivo de reforzar los valores c\u00edvicos y fomentar la identidad nacional<\/p>\n","protected":false},"author":4,"featured_media":52986,"comment_status":"closed","ping_status":"closed","sticky":false,"template":"","format":"standard","meta":{"colormag_page_container_layout":"default_layout","colormag_page_sidebar_layout":"default_layout","_jetpack_memberships_contains_paid_content":false,"footnotes":"","jetpack_publicize_message":"","jetpack_publicize_feature_enabled":true,"jetpack_social_post_already_shared":true,"jetpack_social_options":{"image_generator_settings":{"template":"highway","default_image_id":0,"font":"","enabled":false},"version":2}},"categories":[3372,356],"tags":[],"class_list":["post-52984","post","type-post","status-publish","format-standard","has-post-thumbnail","hentry","category-gobierno-tuxpan","category-veracruz"],"jetpack_publicize_connections":[],"jetpack_featured_media_url":"https:\/\/noticiasveracruz.com\/wp-content\/uploads\/2025\/03\/WhatsApp-Image-2025-03-24-at-10.45.25-2.jpeg","jetpack_sharing_enabled":true,"publishpress_future_action":{"enabled":false,"date":"2026-05-08 02:23:45","action":"change-status","newStatus":"draft","terms":[],"taxonomy":"category","extraData":[]},"publishpress_future_workflow_manual_trigger":{"enabledWorkflows":[]},"_links":{"self":[{"href":"https:\/\/noticiasveracruz.com\/index.php\/wp-json\/wp\/v2\/posts\/52984","targetHints":{"allow":["GET"]}}],"collection":[{"href":"https:\/\/noticiasveracruz.com\/index.php\/wp-json\/wp\/v2\/posts"}],"about":[{"href":"https:\/\/noticiasveracruz.com\/index.php\/wp-json\/wp\/v2\/types\/post"}],"author":[{"embeddable":true,"href":"https:\/\/noticiasveracruz.com\/index.php\/wp-json\/wp\/v2\/users\/4"}],"replies":[{"embeddable":true,"href":"https:\/\/noticiasveracruz.com\/index.php\/wp-json\/wp\/v2\/comments?post=52984"}],"version-history":[{"count":0,"href":"https:\/\/noticiasveracruz.com\/index.php\/wp-json\/wp\/v2\/posts\/52984\/revisions"}],"wp:featuredmedia":[{"embeddable":true,"href":"https:\/\/noticiasveracruz.com\/index.php\/wp-json\/wp\/v2\/media\/52986"}],"wp:attachment":[{"href":"https:\/\/noticiasveracruz.com\/index.php\/wp-json\/wp\/v2\/media?parent=52984"}],"wp:term":[{"taxonomy":"category","embeddable":true,"href":"https:\/\/noticiasveracruz.com\/index.php\/wp-json\/wp\/v2\/categories?post=52984"},{"taxonomy":"post_tag","embeddable":true,"href":"https:\/\/noticiasveracruz.com\/index.php\/wp-json\/wp\/v2\/tags?post=52984"}],"curies":[{"name":"wp","href":"https:\/\/api.w.org\/{rel}","templated":true}]}}