{"id":52981,"date":"2025-03-24T12:27:21","date_gmt":"2025-03-24T18:27:21","guid":{"rendered":"https:\/\/noticiasveracruz.com\/?p=52981"},"modified":"2025-03-24T12:27:21","modified_gmt":"2025-03-24T18:27:21","slug":"el-hombre-de-magdalena","status":"publish","type":"post","link":"https:\/\/noticiasveracruz.com\/index.php\/2025\/03\/24\/el-hombre-de-magdalena\/","title":{"rendered":"\u201c El hombre de Magdalena \u201c"},"content":{"rendered":"<p>Por Norma Meraz<\/p>\n<p>Luis Donaldo Colosio a quien \u201c las\u00a0 balas del odio quitaron la vida\u201d ; palabras de Diana Laura\u00a0 su esposa, frente al f\u00e9retro en el Campo Santo de Magdalena de Quino. -, sin duda dejaron marcado en el imaginario colectivo, un sentimiento profundo de p\u00e9rdida y dolor\u2026<\/p>\n<p>Un hito en la historia reciente de M\u00e9xico\u00a0 fue\u00a0\u00a0\u00a0 el asesinato del candidatos la Presidencia de la Rep\u00fablica por el PRI\u2026.<\/p>\n<p>El hombre, \u201c producto de la cultura del esfuerzo \u201c, nacido en una tierra agreste y familia de trabajo, , escal\u00f3 con tezon hasta ser nominado candidato a la Presidencia el 28 de noviembre de 1993\u2026.<\/p>\n<p>55 d\u00edas dur\u00f3 su campa\u00f1a\u2026<\/p>\n<p>La idea original era arrancar\u00a0 su recorrido en los primeros d\u00edas de enero en Chiapas , tuvo que reprogramarse, debido a la irrupci\u00f3n del Ej\u00e9rcito\u00a0 Zapatista de Liberaci\u00f3n Nacional en San Andr\u00e9s Larraizar, Chis. el d\u00eda Uno, de enero de ese 1994.<\/p>\n<p>El d\u00eda 28 de enero inicia su campa\u00f1a en Huejutla , Hidalgo y termina, al tiempo que su vida, el 23 de marzo en Lomas Taurinas , Tijuana, B.C.<\/p>\n<p>La noticia del asesinato cimbro al pa\u00eds y lo dej\u00f3 en pasmo.<\/p>\n<p>Mientras en el hospital donde yac\u00eda el cuerpo de Luis Donaldo, Diana Laura , su esposa, amiga , confidente y madre de sus dos hijos , lloraba desconsolada repitiendo sin cesar ; \u201c esto no era as\u00ed, yo me iba a ir antes\u201d tomando en cuenta que ella padec\u00eda un cancer de p\u00e1ncreas .<\/p>\n<p>Insist\u00eda en querer donar los \u00f3rganos de su marido. ..<\/p>\n<p>Ya era tarde para eso, pues hab\u00eda transcurrido mucho tiempo desde el deceso \u2026.<\/p>\n<p>Preocupada por c\u00f3mo se ir\u00edan a cubrir los gastos del funeral y repet\u00eda ; \u201c y ahora que le voy a decir a mi hijo \u201c<\/p>\n<p>Ordeno\u00a0 que en su casa en la Ciudad de M\u00e9xico, se apagaran todas las televisiones para que su hijo no se enterara de la tragedia por ese medio.<\/p>\n<p>Fuera del hospital, cientos de periodistas nacionales y extranjeros, esperaban la noticia del deceso .<\/p>\n<p>Pero hab\u00eda otro escenario , lejos del Hospital: los separos de la Polic\u00eda Federal .. Ah\u00ed s\u00ed que hab\u00eda efervescencia !<\/p>\n<p>Se hab\u00edan llevado a Mario Aburto\u00a0 y hab\u00eda llegado el gobernador de Sonora, para \u201c cerciorarse\u201d &#8211; palabras suyas-, de que ah\u00ed estaba el asesino de\u00a0 Colosio ..<\/p>\n<p>Nadie sabe hasta ahora que\u00a0 \u201c platicaron\u201d; el presunto asesino , fue retirado de la vista de todos . \u2026Que paso con Aburto a partir de ese momento?<\/p>\n<p>La Procuradur\u00eda estatal<\/p>\n<p>no meti\u00f3 las manos en la detenci\u00f3n de Aburto , a\u00fan cuando correspond\u00eda a ese gobierno atender el crimen\u2026.<\/p>\n<p>Fue la Polic\u00eda Federal la que tomo las riendas del supuesto asesino y se lo llev\u00f3 un buen rato , sin que nadie supiera adonde \u2026<\/p>\n<p>El detenido fue sometido a interrogatorio ante un comandante de la Polic\u00eda Federal ..<\/p>\n<p>Seg\u00fan Aburto, fue drogado , estaba perturbado y confundido por la golpiza brutal que le propin\u00f3.<\/p>\n<p>Seg\u00fan declaracion de Aburto, el Comandante de la Procuradur\u00eda General de la Rep\u00fablica : Ra\u00fal Luna Parra, lo empez\u00f3 a torturar , dici\u00e9ndole que ya ten\u00edan a su mam\u00e1\u00a0 y a su hermanita de 8 a\u00f1os, ya desnudas para violarlas y le ense\u00f1aron las fotos , que ten\u00edan\u00a0 que declarar haber sido c\u00f3mplices de \u00e9l ) Aburto).<\/p>\n<p>Mi pregunta es. ; porque si se le aprendi\u00f3 \u201c\u2018al homicida\u201d, en privada flagrancia , se le torturo al extremo de no hacer cre\u00edbles las versiones oficiales\u00a0 que lo inculparon como solitario?<\/p>\n<p>Aburto, de acuerdo a mi investigaci\u00f3n o b\u00fasqueda de datos, rindi\u00f3 su primera declaraci\u00f3n sin abogado defensor , lo torturaron y presentaron\u00a0 de inmediato\u00a0\u00a0 a la prensa como el asesino del candidato!!<\/p>\n<p>Los peritajes criminol\u00f3gicos\u00a0 no los realiz\u00f3 personal capacitado pues estos\u00a0 nunca presentaron\u00a0 su c\u00e9dula que los acreditara\u2026.<\/p>\n<p>El simple hecho de no contar con un abogado defensor y no haber hablado antes con el; tiene un vicio de origen\u00a0 y se aplica el \u201c efecto corruptor del proceso \u201c con el cual se anula el proceso\u2026<\/p>\n<p>A Aburto le dictan sentencia en octubre de 1994 con pena de 42 a\u00f1os de prisi\u00f3n .<\/p>\n<p>En diciembre del mismo a\u00f1o, se le dicta sentencia definitiva\u00a0 y una pena de 45 a\u00f1os de prisi\u00f3n\u2026<\/p>\n<p>Mario Aburto fue internado primero en la c\u00e1rcel de Almoloya en el Edomex, luego fue transladado a Puente Grande , Jalisco, despu\u00e9s a Tabasco y finalmente a Guanajuato donde se encuentra hoy, con el agravante de que en cada cambio , el expediente se adelgaza..<\/p>\n<p>Estos cambios de prisi\u00f3n contravienen la Ley de Ejecuci\u00f3n de Sentencia, aquella que obliga a dejar al reo\u00a0 en la prisi\u00f3n que est\u00e1 m\u00e1s pr\u00f3xima a su domicilio familiar, por lo que le corresponder\u00eda\u00a0 Tijuana, pues su familia, radica en Los \u00c1ngeles , California E.U.<\/p>\n<p>Hasta aqu\u00ed, la l\u00ednea de la justicia no es recta..<\/p>\n<p>Ya he aclarado que yo no soy defensora\u00a0 de Mario Aburto, no soy abogada, soy periodista , pero queda claro a ojos v\u00edstalos vicios en la administraci\u00f3n de la justicia\u2026<\/p>\n<p>Como dato aparte, a la fecha, 15 testigos\u00a0 protagonistas del magnicidio han sido\u00a0 asesinados \u2026<\/p>\n<p>El 6 de marzo de 2023, el Juez Antonio Gonz\u00e1lez Garc\u00eda, otorg\u00f3 un amparo\u00a0 a favor de Mario Aburto quien acus\u00f3 a la Fiscal\u00eda General de la Rep\u00fablica\u00a0 de omisi\u00f3n\u00a0 por no haber investigado supuesta tortura de la que hab\u00eda sido victima durante la detenci\u00f3n en 1994, tras el asesinato\u2026<\/p>\n<p>Durante 32 a\u00f1os, no se ha investigado este delito , delito que no prescribe porque est\u00e1 protegido por el Protocolo de Estambul ) documento no vinculante , sin embargo , el Derecho\u00a0 Internacional, obliga a los Estados firmantes a que investiguen y documenten actos de tortura y se castigue a los responsables de ejercerla\u2026.<\/p>\n<p>Injusticia entonces e injusticia ahora!<\/p>\n<p>La prisa se prest\u00f3 a enga\u00f1o y nunca se vio que la investigaci\u00f3n estaba ama\u00f1ada\u2026<\/p>\n<p>El Estado impuso una narrativa y 31 a\u00f1os despu\u00e9s vienen las interrogantes..<\/p>\n<p>Corrupcion, impunidad\u00a0 e injusticia, son el problema de fondo\u2026Ni la derecha ni la izquierda\u00a0 han entendido el problema de la impartici\u00f3n de justicia .<\/p>\n<p>En el caso del asesinato de Colosio, no hubo justicia para nadie, ni para la familia, ni para la sociedad adem\u00e1s de haber violado el debido proceso y no hubo investigaci\u00f3n exhaustiva ..<\/p>\n<p>Pregunte a Luis Donaldo Colosio Riojas, aquel ni\u00f1o que preguntaba a su madre , Diana Laura, que\u00a0 \u201cquien podr\u00eda prestarle 10 mil pesos para d\u00e1rselos a Aburto y le dijera quien lo mand\u00f3 matar a su pap\u00e1\u00a0 \u201c, si estaba de acuerdo\u00a0 en que saliera Aburto de la c\u00e1rcel luego de pagar condena durante 31 a\u00f1os, a lo que me contest\u00f3 ,,\u201d ya que salga, que se vaya a la calle y se cierra una p\u00e1gina; si ese hombre\u00a0 -Aburto- recibi\u00f3 mal trato, pues ya cumpli\u00f3 \u201c\u2026<\/p>\n<p>Cu\u00e1les son las intenciones ocultas de la Fiscal\u00eda General de la Rep\u00fablica\u00a0 de mantener 14 a\u00f1os m\u00e1s a Aburto encerrado?<\/p>\n<p>El Fiscal Gertz Ma\u00f1ero\u00a0 utiliz\u00f3 un recurso de dilaci\u00f3n para impedir que salga y pide se suba el caso , otra vez a la Suprema Corte , cuando esta, est\u00e1 por desaparecer como Poder\u00a0 independiente, garante de\u00a0 la administraci\u00f3n de la justicia ..<\/p>\n<p>Aburto no esta satisfecho con salir\u00a0 en base a la rectificaci\u00f3n de la ley que le permitir\u00eda salir habiendo cumplido 30 en prisi\u00f3n\u2026y porque\u00a0 piensa as\u00ed Aburto? \u2026\u201d pues salir ahora, podr\u00eda \u201c tener efecto \u201c con pol\u00edticos que todav\u00eda tienen posiciones , mientras que en\u00a0 14 a\u00f1os , ya no quedar\u00e1 ninguno\u201d Declaraci\u00f3n desde el Penal en Ocampo , Guanajuato.<\/p>\n<p>Mientras el Hombre de Magdalena, mantiene vigente su legado pol\u00edtico ; su asesino\u00a0 con\u00a0 31 a\u00f1os de encierro , teme salir y encontrarse con pol\u00edticos\u00a0 participantes en aquella escena!<\/p>\n<p>Luis Donaldo Colosio!!!Estas presente!!!<\/p>\n<p>Digamos la Verdad!<\/p>\n<p><img loading=\"lazy\" decoding=\"async\" class=\"alignnone wp-image-52955 size-full\" src=\"http:\/\/noticiasveracruz.com\/wp-content\/uploads\/2025\/03\/FIRMA-EDITORIAL-PD-6.jpg\" alt=\"\" width=\"1024\" height=\"125\" srcset=\"https:\/\/noticiasveracruz.com\/wp-content\/uploads\/2025\/03\/FIRMA-EDITORIAL-PD-6.jpg 1024w, https:\/\/noticiasveracruz.com\/wp-content\/uploads\/2025\/03\/FIRMA-EDITORIAL-PD-6-300x37.jpg 300w, https:\/\/noticiasveracruz.com\/wp-content\/uploads\/2025\/03\/FIRMA-EDITORIAL-PD-6-768x94.jpg 768w\" sizes=\"auto, (max-width: 1024px) 100vw, 1024px\" \/><\/p>\n","protected":false},"excerpt":{"rendered":"<p>Por Norma Meraz Luis Donaldo Colosio a quien \u201c las\u00a0 balas del odio quitaron la vida\u201d ; palabras de Diana<\/p>\n","protected":false},"author":4,"featured_media":44478,"comment_status":"closed","ping_status":"closed","sticky":false,"template":"","format":"standard","meta":{"colormag_page_container_layout":"default_layout","colormag_page_sidebar_layout":"default_layout","_jetpack_memberships_contains_paid_content":false,"footnotes":"","jetpack_publicize_message":"","jetpack_publicize_feature_enabled":true,"jetpack_social_post_already_shared":true,"jetpack_social_options":{"image_generator_settings":{"template":"highway","default_image_id":0,"font":"","enabled":false},"version":2}},"categories":[6],"tags":[],"class_list":["post-52981","post","type-post","status-publish","format-standard","has-post-thumbnail","hentry","category-columnistas"],"jetpack_publicize_connections":[],"jetpack_featured_media_url":"https:\/\/noticiasveracruz.com\/wp-content\/uploads\/2024\/11\/P-NORMA-MERAZ-PD.jpg","jetpack_sharing_enabled":true,"publishpress_future_action":{"enabled":false,"date":"2026-05-10 03:44:23","action":"change-status","newStatus":"draft","terms":[],"taxonomy":"category","extraData":[]},"publishpress_future_workflow_manual_trigger":{"enabledWorkflows":[]},"_links":{"self":[{"href":"https:\/\/noticiasveracruz.com\/index.php\/wp-json\/wp\/v2\/posts\/52981","targetHints":{"allow":["GET"]}}],"collection":[{"href":"https:\/\/noticiasveracruz.com\/index.php\/wp-json\/wp\/v2\/posts"}],"about":[{"href":"https:\/\/noticiasveracruz.com\/index.php\/wp-json\/wp\/v2\/types\/post"}],"author":[{"embeddable":true,"href":"https:\/\/noticiasveracruz.com\/index.php\/wp-json\/wp\/v2\/users\/4"}],"replies":[{"embeddable":true,"href":"https:\/\/noticiasveracruz.com\/index.php\/wp-json\/wp\/v2\/comments?post=52981"}],"version-history":[{"count":0,"href":"https:\/\/noticiasveracruz.com\/index.php\/wp-json\/wp\/v2\/posts\/52981\/revisions"}],"wp:featuredmedia":[{"embeddable":true,"href":"https:\/\/noticiasveracruz.com\/index.php\/wp-json\/wp\/v2\/media\/44478"}],"wp:attachment":[{"href":"https:\/\/noticiasveracruz.com\/index.php\/wp-json\/wp\/v2\/media?parent=52981"}],"wp:term":[{"taxonomy":"category","embeddable":true,"href":"https:\/\/noticiasveracruz.com\/index.php\/wp-json\/wp\/v2\/categories?post=52981"},{"taxonomy":"post_tag","embeddable":true,"href":"https:\/\/noticiasveracruz.com\/index.php\/wp-json\/wp\/v2\/tags?post=52981"}],"curies":[{"name":"wp","href":"https:\/\/api.w.org\/{rel}","templated":true}]}}