{"id":52967,"date":"2025-03-24T01:48:20","date_gmt":"2025-03-24T07:48:20","guid":{"rendered":"https:\/\/noticiasveracruz.com\/?p=52967"},"modified":"2025-03-24T01:48:20","modified_gmt":"2025-03-24T07:48:20","slug":"los-promotores-de-la-4t-en-veracruz-son-nahlistas","status":"publish","type":"post","link":"https:\/\/noticiasveracruz.com\/index.php\/2025\/03\/24\/los-promotores-de-la-4t-en-veracruz-son-nahlistas\/","title":{"rendered":"Los promotores de la 4T en Veracruz son Nahlistas"},"content":{"rendered":"<p><em>\u201cLos caminos de la lealtad son siempre rectos.\u201d \u2013 Charles Dickens.<\/em><\/p>\n<p><strong>\u00a0<\/strong><\/p>\n<p><strong>La reciente designaci\u00f3n el pasado s\u00e1bado de Rosa Mar\u00eda Hern\u00e1ndez Espejo como la promotora de la Cuarta Transformaci\u00f3n en Veracruz Puerto confirma lo que muchos se negaban a querer ver, en la entidad y en Morena hay gobernadora se llama Roc\u00edo Nahla Garc\u00eda y es ella como m\u00e1xima autoridad pol\u00edtica de su partido quien ha impuesto a sus candidatos.<\/strong><\/p>\n<p><strong>No cabe duda que la llegada de Hern\u00e1ndez Espejo echa por tierra las versiones y las especulaciones de que en Boca del R\u00edo y en el Cuatro Veces Heroico Puerto de Veracruz se dejar\u00eda pasar a los integrantes del Clan Yunes, eso, pero ni imaginarlo, aqu\u00ed s\u00ed se toparon y topar\u00e1n con pared.<\/strong><\/p>\n<p><strong>Las designaciones de Bertha Rosalia Ahued Malpica \u2013Boca del R\u00edo-, Pedro Miguel Rosaldo en Coatzacoalcos, Daniela Griego Ceballos en Xalapa, Guillermo Reyes Espronceda en Minatitl\u00e1n, Daniel Cortina Mart\u00ednez en Tuxpan, Janeth Adanely Rodr\u00edguez Rodr\u00edguez en Poza Rica, Hip\u00f3lito \u201cPolo\u201d Deschamps Espino Barros en Alvarado, entre los principales municipios evidencian que fue ella, con la anuencia de la presidenta Claudia Sheinbaum quienes armaron el <em>Dream Team<\/em> de Morena para la elecci\u00f3n del 1 de junio de 2025.<\/strong><\/p>\n<p><strong>Por si hab\u00eda duda del oficio pol\u00edtico, todos estos candidatos est\u00e1n plenamente identificados con la mandataria estatal, ninguno de ellos habr\u00e1 de contradecir instrucci\u00f3n alguna, por el contrario, ser\u00e1n los arietes de la gran batalla por la transformaci\u00f3n de la entidad, que ha comenzado a desplegar la mandataria estatal.<\/strong><\/p>\n<p><strong>Una prueba de que las cosas marchan bien, son los recientes eventos y anuncios realizados por la secretaria de Turismo Federal, Josefina Rodr\u00edguez Zamora, a quienes algunos leguleyos descalificaron y tacharon de inverecunda por asegurar que la entidad report\u00f3 cifras r\u00e9cord en cuanto al n\u00famero de visitantes extranjeros.<\/strong><\/p>\n<p><strong>El anunci\u00f3 de la construcci\u00f3n de uno de los 13 pol\u00edgonos de turismo comunitario que tendr\u00e1 el pa\u00eds habr\u00e1 de ser una de las ofertas tur\u00edsticas m\u00e1s atractivas precisamente para ese sector de turismo internacional que le gusta visitar sitios remotos, en donde se ponen en contacto con la sociedad y la comunidad y descubren las bellezas naturales de la regi\u00f3n. Tenerlo en la Regi\u00f3n de Los Tuxtlas es sin duda un mega acierto.<\/strong><\/p>\n<p><strong>Pero volviendo a lo que nos ata\u00f1e, por m\u00e1s que el senador Manuel Huerta Ladr\u00f3n de Guevara vocifere todos los d\u00edas, respecto a que, si eran o no los candidatos id\u00f3neos, al final el movimiento resuelve por la v\u00eda de la buena gobernanza y por los preceptos de la Cuarta Transformaci\u00f3n.<\/strong><\/p>\n<p><strong>Una vez m\u00e1s, la especulaci\u00f3n de que le iban a dar a Los Yunes el Puerto Jarocho y Boca del R\u00edo, qued\u00f3 en eso, en pura y mera especulaci\u00f3n.<\/strong><\/p>\n<p><strong>\u00a1Aqu\u00ed en Veracruz si hay gobernadora!<\/strong><\/p>\n<p><strong>\u00a0<\/strong><\/p>\n<p><strong>Al tiempo.<\/strong><\/p>\n<p><img loading=\"lazy\" decoding=\"async\" class=\"alignnone wp-image-52955 size-full\" src=\"http:\/\/noticiasveracruz.com\/wp-content\/uploads\/2025\/03\/FIRMA-EDITORIAL-PD-6.jpg\" alt=\"\" width=\"1024\" height=\"125\" srcset=\"https:\/\/noticiasveracruz.com\/wp-content\/uploads\/2025\/03\/FIRMA-EDITORIAL-PD-6.jpg 1024w, https:\/\/noticiasveracruz.com\/wp-content\/uploads\/2025\/03\/FIRMA-EDITORIAL-PD-6-300x37.jpg 300w, https:\/\/noticiasveracruz.com\/wp-content\/uploads\/2025\/03\/FIRMA-EDITORIAL-PD-6-768x94.jpg 768w\" sizes=\"auto, (max-width: 1024px) 100vw, 1024px\" \/><\/p>\n","protected":false},"excerpt":{"rendered":"<p>\u201cLos caminos de la lealtad son siempre rectos.\u201d \u2013 Charles Dickens. \u00a0 La reciente designaci\u00f3n el pasado s\u00e1bado de Rosa<\/p>\n","protected":false},"author":4,"featured_media":30989,"comment_status":"closed","ping_status":"closed","sticky":false,"template":"","format":"standard","meta":{"colormag_page_container_layout":"default_layout","colormag_page_sidebar_layout":"default_layout","_jetpack_memberships_contains_paid_content":false,"footnotes":"","jetpack_publicize_message":"","jetpack_publicize_feature_enabled":true,"jetpack_social_post_already_shared":true,"jetpack_social_options":{"image_generator_settings":{"template":"highway","default_image_id":0,"font":"","enabled":false},"version":2}},"categories":[6],"tags":[],"class_list":["post-52967","post","type-post","status-publish","format-standard","has-post-thumbnail","hentry","category-columnistas"],"jetpack_publicize_connections":[],"jetpack_featured_media_url":"https:\/\/noticiasveracruz.com\/wp-content\/uploads\/2024\/05\/LUIS-RAMIREZ-BAQUEIRO-800x445-1.png","jetpack_sharing_enabled":true,"publishpress_future_action":{"enabled":false,"date":"2026-05-08 01:09:37","action":"change-status","newStatus":"draft","terms":[],"taxonomy":"category","extraData":[]},"publishpress_future_workflow_manual_trigger":{"enabledWorkflows":[]},"_links":{"self":[{"href":"https:\/\/noticiasveracruz.com\/index.php\/wp-json\/wp\/v2\/posts\/52967","targetHints":{"allow":["GET"]}}],"collection":[{"href":"https:\/\/noticiasveracruz.com\/index.php\/wp-json\/wp\/v2\/posts"}],"about":[{"href":"https:\/\/noticiasveracruz.com\/index.php\/wp-json\/wp\/v2\/types\/post"}],"author":[{"embeddable":true,"href":"https:\/\/noticiasveracruz.com\/index.php\/wp-json\/wp\/v2\/users\/4"}],"replies":[{"embeddable":true,"href":"https:\/\/noticiasveracruz.com\/index.php\/wp-json\/wp\/v2\/comments?post=52967"}],"version-history":[{"count":0,"href":"https:\/\/noticiasveracruz.com\/index.php\/wp-json\/wp\/v2\/posts\/52967\/revisions"}],"wp:featuredmedia":[{"embeddable":true,"href":"https:\/\/noticiasveracruz.com\/index.php\/wp-json\/wp\/v2\/media\/30989"}],"wp:attachment":[{"href":"https:\/\/noticiasveracruz.com\/index.php\/wp-json\/wp\/v2\/media?parent=52967"}],"wp:term":[{"taxonomy":"category","embeddable":true,"href":"https:\/\/noticiasveracruz.com\/index.php\/wp-json\/wp\/v2\/categories?post=52967"},{"taxonomy":"post_tag","embeddable":true,"href":"https:\/\/noticiasveracruz.com\/index.php\/wp-json\/wp\/v2\/tags?post=52967"}],"curies":[{"name":"wp","href":"https:\/\/api.w.org\/{rel}","templated":true}]}}