{"id":52965,"date":"2025-03-24T01:46:42","date_gmt":"2025-03-24T07:46:42","guid":{"rendered":"https:\/\/noticiasveracruz.com\/?p=52965"},"modified":"2025-03-24T01:46:42","modified_gmt":"2025-03-24T07:46:42","slug":"claudia-sheinbaum-y-rocio-nahle-enfrentan-fuertes-batallas-con-enemigos-internos","status":"publish","type":"post","link":"https:\/\/noticiasveracruz.com\/index.php\/2025\/03\/24\/claudia-sheinbaum-y-rocio-nahle-enfrentan-fuertes-batallas-con-enemigos-internos\/","title":{"rendered":"Claudia Sheinbaum y Roc\u00edo Nahle, enfrentan fuertes batallas con enemigos internos"},"content":{"rendered":"<p>La titular de la de Secretaria de Anticorrupci\u00f3n y Buen Gobierno, Raquel Buenrostro S\u00e1nchez, tendr\u00e1 que demostrar su temple y capacidad\u00a0 emple\u00e1ndose a fondo y llegar hasta las \u00faltimas consecuencias de la encomienda que ha recibido; adem\u00e1s de, castigar de forma ejemplar a todos aquellos funcionarios\u00a0 que incurrieron en actos de corrupci\u00f3n e irregularidades detectadas en la compra consolidada de medicamentos por m\u00e1s de 13 mil millones de pesos, porque est\u00e1 claro que los desleales funcionarios no solo traicionaron la confianza del gobierno, sino que, lastimaron al pueblo en lo m\u00e1s sensible que es su salud.<\/p>\n<p>Por la narrativa de combate a la corrupci\u00f3n, no pueden las autoridades permitir m\u00e1s impunidad cuando justo esa es la principal bandera de la Cuarta Transformaci\u00f3n, no robar, no mentir,\u00a0 cualquier mortal quiera\u00a0 jugar con la salud de los mexicanos, debe ser severamente castigado.<\/p>\n<p>Quiz\u00e1s sea \u00e9sta para la Presidenta de la Rep\u00fablica, un caso parecido al de SEGALMEX, la \u00fanica diferencia ser\u00eda que el primer caso de corrupci\u00f3n durante el obradorismo fue alimentario y el reciente\u00a0 o en el presente gobierno, es contra la salud, los dos temas muy sensibles para la sociedad.<\/p>\n<p>Quien tambi\u00e9n batalla con un\u00a0 enemigo interno es la Gobernadora de Veracruz, Roc\u00edo Nahle, esto, por las elecciones de presidentes municipales.\u00a0 Justo en pleno proceso electoral, Juan Javier G\u00f3mez Cazar\u00edn,\u00a0 convertido en \u00bb una abejita polinizadora\u00bb que anda queriendo poner sus huevecillos en varios municipios del sur de la entidad; impuso candidaturas en MORENA en los municipios de Oteapan y Texistepec y; donde no fue favorecido, como por ejemplo en Pajapan, mand\u00f3 a su alfil Jos\u00e9 Luis Gonz\u00e1lez Hern\u00e1ndez, al PT, desde donde pretende descarrilar el proyecto de MORENA. Cazar\u00edn se ha vuelto una piedra en el zapato de la gobernadora, del secretario de gobierno Ricardo Ahued y de Esteban Bautista, no le hace caso a la Gobernadora y vocifera que con las bendiciones y anuencia del gobierno Federal, construye una estructura propia rumbo a la gubernatura del Estado para el 2030.<\/p>\n<p>Seg\u00fan an\u00e1lisis pol\u00edtico J. J G\u00f3mez Cazar\u00edn es el\u00a0 m\u00e1s cuestionado de todos los funcionarios morenistas veracruzanos,\u00a0 su paso por el\u00a0 Congreso Local, donde\u00a0 dej\u00f3 hecho un cochinero en el manejo de los recursos, compr\u00f3 tabletas a precio estratosf\u00e9ricos cada una y despensas de 14 mil pesos para los trabajadores del Congreso, despensa que cuando mucho costaban\u00a0 unos dos mil pesos cada una, no ha logrado demostrar su inocencia; \u201ceste es un trabajo m\u00e1s para Raquel Buenrostro S\u00e1nchez\u201d.<\/p>\n<p>Con este tipo de persona, a MORENA no le\u00a0 hacen falta buitres carro\u00f1eros de la oposici\u00f3n, \u00a1NO..! La oposici\u00f3n est\u00e1 infiltrada en Morena, los m\u00e1s visibles: Cazar\u00edn , Zepeta, Zenyacen y Cuitl\u00e1huac Garc\u00eda, son gente sin principios, los m\u00e1s corruptos que pudo parir MORENA en Veracruz.<\/p>\n<p>Seg\u00fan el analista pol\u00edtico Abelardo Alto Ventura, MORENA enfrenta en municipios\u00a0 donde algunos ya se consideraban seguros, una fuerte inconformidad\u00a0 y para paliar \u00e9sta crisis modific\u00f3 su convenio de\u00a0 coalici\u00f3n con el partido VERDE; todo ello, para justificar las exclusiones de aquellos que por su militancia y antig\u00fcedad se cre\u00edan merecedores de una oportunidad en \u00e9sta coyuntura electoral.<\/p>\n<p>A principios de la semana pasada, en datos nacionales se filtr\u00f3 que Ad\u00e1n Augusto y Sergio Guti\u00e9rrez Luna, presionaban fuerte para que en Minatitl\u00e1n, la candidatura recayera en la persona\u00a0 de la actual diputada federal Jessica Ram\u00edrez Cisneros; una supuesta pol\u00edtica que los minatitlecos solo la han visto de pura casualidad, en donde si acomodaron la pieza y lo hicieron bien fue en\u00a0 Cosoleacaque, con la ex diputada local morenista; la doctora Elvia Merl\u00edn Castro.<\/p>\n<p>En este municipio no hay pretexto para que ahora\u00a0 los grupos salgan con el cuento y argumento de que no se vale, o porqu\u00e9 ella, la mayor\u00eda de los que se registraron como aspirante a candidato al final se comprometieron a salir unidos fuera quien fuera la o el candidato.\u00a0 Estas dos figuras nacionales del morenismo, Ad\u00e1n y Sergio Guti\u00e9rrez,\u00a0 efectivamente lograron acomodar finalmente como candidata en Cosoleacaque a la doctora Elvia Merl\u00edn Castro.<\/p>\n<p>Aunque tambi\u00e9n hay que decirlo, la noticia gener\u00f3 un\u00a0 \u00bb descontento entre algunos aspirantes \u00ab, pero como ya hab\u00edan comprometido su palabra, ahora no les queda m\u00e1s que sumarse y cerrar filas; aunque no hay que descartar que de ese grupo morenista salga un vende patria.<\/p>\n<p>Seg\u00fan algunos morenistas, la decisi\u00f3n de que sea la candidata la doctora Elvia, se tom\u00f3 despu\u00e9s de una profunda valoraci\u00f3n pol\u00edtica; desde luego, sirvi\u00f3 de base sobre todo \u00bb las\u00a0 encuestas \u00ab, esa que les indicaba una contundente derrota frente al candidato del PRI, Cirilo V\u00e1zquez Parissi; entonces, las alarmas se encendieron y\u00a0 tras una serie de an\u00e1lisis con base a los pasados\u00a0\u00a0 resultados\u00a0 electorales; adem\u00e1s, de los recursos que Emigdio Merl\u00edn le inyectar\u00e1 al proceso y el peso hist\u00f3rico que representa la familia Merl\u00edn Alor\u00a0 y Merl\u00edn Castro en este municipio, se determin\u00f3 que \u00e9sta historia se escriba as\u00ed. Elvia Merl\u00edn, no es improvisada en estos menesteres, para entrarle negoci\u00f3 un paquete importante, primero con ( Miyo ) su sobrino, todo el recurso posible , luego el\u00a0 involucramiento de todo el aparato gubernamental ( programas sociales, ORFIS, OPLE, el Poder Legislativo y el Poder Judicial ); sin duda que est\u00e1 ser\u00e1 una elecci\u00f3n de Estado.<\/p>\n<p>Los V\u00e1zquez vivieron en el 2010, una elecci\u00f3n parecida a la que se vivir\u00e1 en este 2025, s\u00ed, pero ahora muchos de ellos est\u00e1n en MORENA y, despu\u00e9s de casi veinte a\u00f1os, la situaci\u00f3n no es la misma. En el vecino municipio de Zaragoza, tambi\u00e9n hubo cambios de \u00faltima hora, all\u00ed, modificaron\u00a0 el convenio de alianzas entre MORENA y el VERDE, originalmente iban solos, pero mejor decidieron\u00a0 ir juntos, para ello sacrificaron al profesor Jos\u00edas Hern\u00e1ndez, para cederle el espacio a la Antrop\u00f3loga. En Pajapan, quien ya cantaba victoria era el ex alcalde Jos\u00e9 Luis Hern\u00e1ndez y, muy a pesar de que es actualmente delegado\u00a0 estatal de morena, este qued\u00f3 fuera de \u00e9sta instituci\u00f3n; por Tatahuicapan el PT registr\u00f3 al hijo del actual alcalde Eusebio Gonz\u00e1lez Hern\u00e1ndez y postula a Vladimir Gonz\u00e1lez, se enfrentar\u00e1 al hijo de otro ex alcalde de buenos recuerdos y precursor de la lucha por la democracia y los pueblos ind\u00edgenas de la sierra, en profesor Celerino Bautista Luis, MORENA lleva de candidato a su hijo Rolando Bautista Ram\u00edrez, estos \u00faltimos\u00a0 atujados y respaldados por\u00a0 el Diputado Cazar\u00edn, quien muestra claramente que van en contra de los candidatos morenistas, a trav\u00e9s del PT.<\/p>\n<p>EL MUNICIPIO DE ZARAGOZA, Veracruz ES EL PRIMER PUEBLO ORIGINARIO de los 70 que existen en el pa\u00eds, que recibe dinero de la Secretar\u00eda del Bienestar para obras en donde NO habr\u00e1\u00a0 contratistas. Con ello, la presidenta Claudia Sheinbaum Pardo, cumple con los pueblos ind\u00edgenas. La cantidad destinada a Zaragoza fue de 1 mill\u00f3n 921 mil 899 pesos; dinero que ser\u00e1 utilizado en obras que el pueblo disponga, pero adem\u00e1s NO habr\u00e1 contratista, los trabajos generaran empleo para los propios pobladores del lugar.<\/p>\n<p>Eucario de los Santos Cruz, Consejero Nacional de los Pueblos Ind\u00edgenas\u00a0 (INPI) y representante regional en la zona sur de Veracruz y Adelfo Regino Monte, Director General Nacional ambos agradecen a la ejecutiva federal Sheinbaum Pardo que le d\u00e9 seguimiento a su compromiso con los pueblo originario quienes ahora ya son sujeto de derecho p\u00fablico.<\/p>\n<p>Eucario de los Santos dice que ahora le toca al presidente municipal,\u00a0 Miguel \u00c1ngel Grajales Mart\u00ednez, convoque asamblea p\u00fablica\u00a0 para nombrar a un comit\u00e9 ind\u00edgena que est\u00e9 integrado por un\u00a0 presidente, tesorero o tesorera, este o esta ser\u00e1 enlace con el SAT.<\/p>\n<p><img loading=\"lazy\" decoding=\"async\" class=\"alignnone wp-image-52955 size-full\" src=\"http:\/\/noticiasveracruz.com\/wp-content\/uploads\/2025\/03\/FIRMA-EDITORIAL-PD-6.jpg\" alt=\"\" width=\"1024\" height=\"125\" srcset=\"https:\/\/noticiasveracruz.com\/wp-content\/uploads\/2025\/03\/FIRMA-EDITORIAL-PD-6.jpg 1024w, https:\/\/noticiasveracruz.com\/wp-content\/uploads\/2025\/03\/FIRMA-EDITORIAL-PD-6-300x37.jpg 300w, https:\/\/noticiasveracruz.com\/wp-content\/uploads\/2025\/03\/FIRMA-EDITORIAL-PD-6-768x94.jpg 768w\" sizes=\"auto, (max-width: 1024px) 100vw, 1024px\" \/><\/p>\n","protected":false},"excerpt":{"rendered":"<p>La titular de la de Secretaria de Anticorrupci\u00f3n y Buen Gobierno, Raquel Buenrostro S\u00e1nchez, tendr\u00e1 que demostrar su temple y<\/p>\n","protected":false},"author":4,"featured_media":49958,"comment_status":"closed","ping_status":"closed","sticky":false,"template":"","format":"standard","meta":{"colormag_page_container_layout":"default_layout","colormag_page_sidebar_layout":"default_layout","_jetpack_memberships_contains_paid_content":false,"footnotes":"","jetpack_publicize_message":"","jetpack_publicize_feature_enabled":true,"jetpack_social_post_already_shared":true,"jetpack_social_options":{"image_generator_settings":{"template":"highway","default_image_id":0,"font":"","enabled":false},"version":2}},"categories":[6],"tags":[],"class_list":["post-52965","post","type-post","status-publish","format-standard","has-post-thumbnail","hentry","category-columnistas"],"jetpack_publicize_connections":[],"jetpack_featured_media_url":"https:\/\/noticiasveracruz.com\/wp-content\/uploads\/2025\/02\/LEAD-POLITICO-ROJO.jpg","jetpack_sharing_enabled":true,"publishpress_future_action":{"enabled":false,"date":"2026-05-08 02:20:14","action":"change-status","newStatus":"draft","terms":[],"taxonomy":"category","extraData":[]},"publishpress_future_workflow_manual_trigger":{"enabledWorkflows":[]},"_links":{"self":[{"href":"https:\/\/noticiasveracruz.com\/index.php\/wp-json\/wp\/v2\/posts\/52965","targetHints":{"allow":["GET"]}}],"collection":[{"href":"https:\/\/noticiasveracruz.com\/index.php\/wp-json\/wp\/v2\/posts"}],"about":[{"href":"https:\/\/noticiasveracruz.com\/index.php\/wp-json\/wp\/v2\/types\/post"}],"author":[{"embeddable":true,"href":"https:\/\/noticiasveracruz.com\/index.php\/wp-json\/wp\/v2\/users\/4"}],"replies":[{"embeddable":true,"href":"https:\/\/noticiasveracruz.com\/index.php\/wp-json\/wp\/v2\/comments?post=52965"}],"version-history":[{"count":0,"href":"https:\/\/noticiasveracruz.com\/index.php\/wp-json\/wp\/v2\/posts\/52965\/revisions"}],"wp:featuredmedia":[{"embeddable":true,"href":"https:\/\/noticiasveracruz.com\/index.php\/wp-json\/wp\/v2\/media\/49958"}],"wp:attachment":[{"href":"https:\/\/noticiasveracruz.com\/index.php\/wp-json\/wp\/v2\/media?parent=52965"}],"wp:term":[{"taxonomy":"category","embeddable":true,"href":"https:\/\/noticiasveracruz.com\/index.php\/wp-json\/wp\/v2\/categories?post=52965"},{"taxonomy":"post_tag","embeddable":true,"href":"https:\/\/noticiasveracruz.com\/index.php\/wp-json\/wp\/v2\/tags?post=52965"}],"curies":[{"name":"wp","href":"https:\/\/api.w.org\/{rel}","templated":true}]}}