{"id":52963,"date":"2025-03-24T01:45:08","date_gmt":"2025-03-24T07:45:08","guid":{"rendered":"https:\/\/noticiasveracruz.com\/?p=52963"},"modified":"2025-03-24T01:45:08","modified_gmt":"2025-03-24T07:45:08","slug":"el-regreso-del-corporativismo-politico","status":"publish","type":"post","link":"https:\/\/noticiasveracruz.com\/index.php\/2025\/03\/24\/el-regreso-del-corporativismo-politico\/","title":{"rendered":"EL REGRESO DEL CORPORATIVISMO POL\u00cdTICO"},"content":{"rendered":"<p>En los viejos tiempos del PRI del Siglo XX el corporativismo era parte del control social a partir del dominio de las plazas laborales, lo cual es un abuso porque reprime el libre albedr\u00edo y el derecho ciudadano a seleccionar gobernantes.<\/p>\n<p>A partir de que se inici\u00f3 la alternancia partidista en el a\u00f1o 2000 y el PRI perdi\u00f3 la elecci\u00f3n presidencial, finaliz\u00f3 el sistema corporativista por medio del cual ese partido controlaba las centrales obreras, sindicatos y las organizaciones populares, principalmente las que controlaban el comercio ambulante.<\/p>\n<p>La vida democr\u00e1tica se fue consolidando y se fue creando una cultura de respeto a los derechos ciudadanos.<\/p>\n<p>En contraste, lo que hoy est\u00e1 haciendo MORENA, -en contubernio con el l\u00edder del SNTE Alfonso Cepeda-, es rescatar las pr\u00e1cticas corporativistas que reprimen los derechos ciudadanos individuales del magisterio.<\/p>\n<p>Al estilo del viejo PRI neoliberal Alfonso Cepeda prometi\u00f3 el 18 de febrero aumentar la afiliaci\u00f3n de MORENA aportando una base de 2,5 millones de maestros y a trav\u00e9s de ellos, sumando amigos y familiares llegar a los 5 millones.<\/p>\n<p>Los extremos se juntan: las peores pr\u00e1cticas del neoliberalismo arcaico, -no del actual-, han sido retomadas, asimiladas y adoptadas por los reformadores y transformadores de la 4T. La ley proh\u00edbe la afiliaci\u00f3n corporativa.<\/p>\n<p>MORENA est\u00e1 asegurando el voto del temor\u2026 temor de perder el empleo\u2026 temor de perder los cheques y beneficios de los programas de \u201cBienestar\u201d.<\/p>\n<p>Sin embargo, la oposici\u00f3n est\u00e1 actuando tibiamente, siendo que esto debiese ser denunciado ante el INE y el TRIFE pues constituye un delito electoral que hoy est\u00e1 penado.<\/p>\n<p>La 4T est\u00e1 traicionando los valores que tanto promovi\u00f3 Andr\u00e9s Manuel L\u00f3pez Obrador desde su rol de oposici\u00f3n.<\/p>\n<p>El poder cambia la percepci\u00f3n y los valores cuando se alcanza y quienes se definen como dem\u00f3cratas terminan construyendo un modelo autoritario que rescata las pr\u00e1cticas corruptas que antes se denunciaron y combatieron.<\/p>\n<p>Este es un esc\u00e1ndalo que no debe quedar impune.<\/p>\n<p>\u00bfA usted qu\u00e9 le parece?<\/p>\n<p><img loading=\"lazy\" decoding=\"async\" class=\"alignnone wp-image-52955 size-full\" src=\"http:\/\/noticiasveracruz.com\/wp-content\/uploads\/2025\/03\/FIRMA-EDITORIAL-PD-6.jpg\" alt=\"\" width=\"1024\" height=\"125\" srcset=\"https:\/\/noticiasveracruz.com\/wp-content\/uploads\/2025\/03\/FIRMA-EDITORIAL-PD-6.jpg 1024w, https:\/\/noticiasveracruz.com\/wp-content\/uploads\/2025\/03\/FIRMA-EDITORIAL-PD-6-300x37.jpg 300w, https:\/\/noticiasveracruz.com\/wp-content\/uploads\/2025\/03\/FIRMA-EDITORIAL-PD-6-768x94.jpg 768w\" sizes=\"auto, (max-width: 1024px) 100vw, 1024px\" \/><\/p>\n","protected":false},"excerpt":{"rendered":"<p>En los viejos tiempos del PRI del Siglo XX el corporativismo era parte del control social a partir del dominio<\/p>\n","protected":false},"author":4,"featured_media":44976,"comment_status":"closed","ping_status":"closed","sticky":false,"template":"","format":"standard","meta":{"colormag_page_container_layout":"default_layout","colormag_page_sidebar_layout":"default_layout","_jetpack_memberships_contains_paid_content":false,"footnotes":"","jetpack_publicize_message":"","jetpack_publicize_feature_enabled":true,"jetpack_social_post_already_shared":true,"jetpack_social_options":{"image_generator_settings":{"template":"highway","default_image_id":0,"font":"","enabled":false},"version":2}},"categories":[6],"tags":[],"class_list":["post-52963","post","type-post","status-publish","format-standard","has-post-thumbnail","hentry","category-columnistas"],"jetpack_publicize_connections":[],"jetpack_featured_media_url":"https:\/\/noticiasveracruz.com\/wp-content\/uploads\/2024\/11\/NV-RICARDO-HOMS.jpg","jetpack_sharing_enabled":true,"publishpress_future_action":{"enabled":false,"date":"2026-05-08 03:27:37","action":"change-status","newStatus":"draft","terms":[],"taxonomy":"category","extraData":[]},"publishpress_future_workflow_manual_trigger":{"enabledWorkflows":[]},"_links":{"self":[{"href":"https:\/\/noticiasveracruz.com\/index.php\/wp-json\/wp\/v2\/posts\/52963","targetHints":{"allow":["GET"]}}],"collection":[{"href":"https:\/\/noticiasveracruz.com\/index.php\/wp-json\/wp\/v2\/posts"}],"about":[{"href":"https:\/\/noticiasveracruz.com\/index.php\/wp-json\/wp\/v2\/types\/post"}],"author":[{"embeddable":true,"href":"https:\/\/noticiasveracruz.com\/index.php\/wp-json\/wp\/v2\/users\/4"}],"replies":[{"embeddable":true,"href":"https:\/\/noticiasveracruz.com\/index.php\/wp-json\/wp\/v2\/comments?post=52963"}],"version-history":[{"count":0,"href":"https:\/\/noticiasveracruz.com\/index.php\/wp-json\/wp\/v2\/posts\/52963\/revisions"}],"wp:featuredmedia":[{"embeddable":true,"href":"https:\/\/noticiasveracruz.com\/index.php\/wp-json\/wp\/v2\/media\/44976"}],"wp:attachment":[{"href":"https:\/\/noticiasveracruz.com\/index.php\/wp-json\/wp\/v2\/media?parent=52963"}],"wp:term":[{"taxonomy":"category","embeddable":true,"href":"https:\/\/noticiasveracruz.com\/index.php\/wp-json\/wp\/v2\/categories?post=52963"},{"taxonomy":"post_tag","embeddable":true,"href":"https:\/\/noticiasveracruz.com\/index.php\/wp-json\/wp\/v2\/tags?post=52963"}],"curies":[{"name":"wp","href":"https:\/\/api.w.org\/{rel}","templated":true}]}}