{"id":52945,"date":"2025-03-24T01:29:01","date_gmt":"2025-03-24T07:29:01","guid":{"rendered":"https:\/\/noticiasveracruz.com\/?p=52945"},"modified":"2025-03-24T01:29:01","modified_gmt":"2025-03-24T07:29:01","slug":"ucrania-y-eu-culminan-conversaciones-con-miras-a-tregua-con-rusia","status":"publish","type":"post","link":"https:\/\/noticiasveracruz.com\/index.php\/2025\/03\/24\/ucrania-y-eu-culminan-conversaciones-con-miras-a-tregua-con-rusia\/","title":{"rendered":"Ucrania y EU culminan conversaciones con miras a tregua con Rusia"},"content":{"rendered":"<p class=\"nota-justify\">Las conversaciones entre Ucrania y funcionarios estadunidenses en Riad con miras a una tregua parcial en la guerra con Rusia fueron \u00abproductivas\u00bb, indic\u00f3 el ministro ucranio de Defensa Rustem Umerov este domingo.<\/p>\n<p class=\"nota-justify\">\u00abTerminamos nuestra reuni\u00f3n con el equipo estadunidense. La discusi\u00f3n fue productiva y espec\u00edfica. Abordamos puntos claves, especialmente la energ\u00eda\u00bb, declar\u00f3, antes de las negociaciones ruso-estadunidenses del lunes, y agreg\u00f3 que Ucrania hace esfuerzos para concretar su objetivo de una \u00abpaz justa y duradera\u00bb.<\/p>\n","protected":false},"excerpt":{"rendered":"<p>Las conversaciones entre Ucrania y funcionarios estadunidenses en Riad con miras a una tregua parcial en la guerra con Rusia<\/p>\n","protected":false},"author":4,"featured_media":52946,"comment_status":"closed","ping_status":"closed","sticky":false,"template":"","format":"standard","meta":{"colormag_page_container_layout":"default_layout","colormag_page_sidebar_layout":"default_layout","_jetpack_memberships_contains_paid_content":false,"footnotes":"","jetpack_publicize_message":"","jetpack_publicize_feature_enabled":true,"jetpack_social_post_already_shared":true,"jetpack_social_options":{"image_generator_settings":{"template":"highway","default_image_id":0,"font":"","enabled":false},"version":2}},"categories":[355],"tags":[],"class_list":["post-52945","post","type-post","status-publish","format-standard","has-post-thumbnail","hentry","category-internacional"],"jetpack_publicize_connections":[],"jetpack_featured_media_url":"https:\/\/noticiasveracruz.com\/wp-content\/uploads\/2025\/03\/TR-5.jpg","jetpack_sharing_enabled":true,"publishpress_future_action":{"enabled":false,"date":"2026-05-08 02:37:06","action":"change-status","newStatus":"draft","terms":[],"taxonomy":"category","extraData":[]},"publishpress_future_workflow_manual_trigger":{"enabledWorkflows":[]},"_links":{"self":[{"href":"https:\/\/noticiasveracruz.com\/index.php\/wp-json\/wp\/v2\/posts\/52945","targetHints":{"allow":["GET"]}}],"collection":[{"href":"https:\/\/noticiasveracruz.com\/index.php\/wp-json\/wp\/v2\/posts"}],"about":[{"href":"https:\/\/noticiasveracruz.com\/index.php\/wp-json\/wp\/v2\/types\/post"}],"author":[{"embeddable":true,"href":"https:\/\/noticiasveracruz.com\/index.php\/wp-json\/wp\/v2\/users\/4"}],"replies":[{"embeddable":true,"href":"https:\/\/noticiasveracruz.com\/index.php\/wp-json\/wp\/v2\/comments?post=52945"}],"version-history":[{"count":0,"href":"https:\/\/noticiasveracruz.com\/index.php\/wp-json\/wp\/v2\/posts\/52945\/revisions"}],"wp:featuredmedia":[{"embeddable":true,"href":"https:\/\/noticiasveracruz.com\/index.php\/wp-json\/wp\/v2\/media\/52946"}],"wp:attachment":[{"href":"https:\/\/noticiasveracruz.com\/index.php\/wp-json\/wp\/v2\/media?parent=52945"}],"wp:term":[{"taxonomy":"category","embeddable":true,"href":"https:\/\/noticiasveracruz.com\/index.php\/wp-json\/wp\/v2\/categories?post=52945"},{"taxonomy":"post_tag","embeddable":true,"href":"https:\/\/noticiasveracruz.com\/index.php\/wp-json\/wp\/v2\/tags?post=52945"}],"curies":[{"name":"wp","href":"https:\/\/api.w.org\/{rel}","templated":true}]}}