{"id":52942,"date":"2025-03-24T01:27:30","date_gmt":"2025-03-24T07:27:30","guid":{"rendered":"https:\/\/noticiasveracruz.com\/?p=52942"},"modified":"2025-03-24T01:27:30","modified_gmt":"2025-03-24T07:27:30","slug":"dilma-rousseff-fue-reelecta-como-directora-del-banco-de-los-brics","status":"publish","type":"post","link":"https:\/\/noticiasveracruz.com\/index.php\/2025\/03\/24\/dilma-rousseff-fue-reelecta-como-directora-del-banco-de-los-brics\/","title":{"rendered":"Dilma Rousseff fue reelecta como directora del banco de los BRICS"},"content":{"rendered":"<p class=\"nota-justify\">La ex presidenta de Brasil, Dilma Rousseff, fue reelecta como directora del Nuevo Banco de Desarrollo, mejor conocido como &#8216;el Banco de los BRICS&#8217;, inform\u00f3 ella durante el Foro de Desarrollo de China 2025.<\/p>\n<p class=\"nota-justify\">\u00abFui reelecta. Ellos lo propusieron y la junta lo aprob\u00f3 por unanimidad\u00bb, coment\u00f3 la expresidenta de Brasil, citada por el diario\u00a0O Globo.<\/p>\n<p class=\"nota-justify\">El\u00a0Nuevo Banco de Desarrollo\u00a0fue fundado en 2015 por las naciones integrantes de los\u00a0BRICS, bloque compuesto inicialmente por\u00a0Brasil, Rusia, la India, China y Sud\u00e1frica.<\/p>\n<p class=\"nota-justify\">Se trata de un organismo multilateral que se presenta como alternativa al\u00a0Fondo Monetario Internacional\u00a0o al\u00a0Banco Mundial.<\/p>\n<p class=\"nota-justify\">El Partido de los Trabajadores de Brasil confirm\u00f3 tambi\u00e9n la noticia en sus redes sociales y felicit\u00f3 a Rousseff por encabezar otro periodo al frente del\u00a0Banco de los BRICS.<\/p>\n<p class=\"nota-justify\">El gobierno brasile\u00f1o actualmente tiene la presidencia de los BRICS y quiere que la participaci\u00f3n de la sociedad civil de los pa\u00edses integrantes del bloque sea central.<\/p>\n<p class=\"nota-justify\">Una de las principales agendas de la participaci\u00f3n social en los BRICS ocurrir\u00e1 del\u00a024 al 27 de abril,\u00a0cuando tendr\u00e1 lugar la segunda reuni\u00f3n de sherpas del grupo.<\/p>\n","protected":false},"excerpt":{"rendered":"<p>La ex presidenta de Brasil, Dilma Rousseff, fue reelecta como directora del Nuevo Banco de Desarrollo, mejor conocido como &#8216;el<\/p>\n","protected":false},"author":4,"featured_media":52943,"comment_status":"closed","ping_status":"closed","sticky":false,"template":"","format":"standard","meta":{"colormag_page_container_layout":"default_layout","colormag_page_sidebar_layout":"default_layout","_jetpack_memberships_contains_paid_content":false,"footnotes":"","jetpack_publicize_message":"","jetpack_publicize_feature_enabled":true,"jetpack_social_post_already_shared":true,"jetpack_social_options":{"image_generator_settings":{"template":"highway","default_image_id":0,"font":"","enabled":false},"version":2}},"categories":[355],"tags":[],"class_list":["post-52942","post","type-post","status-publish","format-standard","has-post-thumbnail","hentry","category-internacional"],"jetpack_publicize_connections":[],"jetpack_featured_media_url":"https:\/\/noticiasveracruz.com\/wp-content\/uploads\/2025\/03\/BRI.jpg","jetpack_sharing_enabled":true,"publishpress_future_action":{"enabled":false,"date":"2026-05-08 01:09:43","action":"change-status","newStatus":"draft","terms":[],"taxonomy":"category","extraData":[]},"publishpress_future_workflow_manual_trigger":{"enabledWorkflows":[]},"_links":{"self":[{"href":"https:\/\/noticiasveracruz.com\/index.php\/wp-json\/wp\/v2\/posts\/52942","targetHints":{"allow":["GET"]}}],"collection":[{"href":"https:\/\/noticiasveracruz.com\/index.php\/wp-json\/wp\/v2\/posts"}],"about":[{"href":"https:\/\/noticiasveracruz.com\/index.php\/wp-json\/wp\/v2\/types\/post"}],"author":[{"embeddable":true,"href":"https:\/\/noticiasveracruz.com\/index.php\/wp-json\/wp\/v2\/users\/4"}],"replies":[{"embeddable":true,"href":"https:\/\/noticiasveracruz.com\/index.php\/wp-json\/wp\/v2\/comments?post=52942"}],"version-history":[{"count":0,"href":"https:\/\/noticiasveracruz.com\/index.php\/wp-json\/wp\/v2\/posts\/52942\/revisions"}],"wp:featuredmedia":[{"embeddable":true,"href":"https:\/\/noticiasveracruz.com\/index.php\/wp-json\/wp\/v2\/media\/52943"}],"wp:attachment":[{"href":"https:\/\/noticiasveracruz.com\/index.php\/wp-json\/wp\/v2\/media?parent=52942"}],"wp:term":[{"taxonomy":"category","embeddable":true,"href":"https:\/\/noticiasveracruz.com\/index.php\/wp-json\/wp\/v2\/categories?post=52942"},{"taxonomy":"post_tag","embeddable":true,"href":"https:\/\/noticiasveracruz.com\/index.php\/wp-json\/wp\/v2\/tags?post=52942"}],"curies":[{"name":"wp","href":"https:\/\/api.w.org\/{rel}","templated":true}]}}