{"id":52924,"date":"2025-03-24T01:15:56","date_gmt":"2025-03-24T07:15:56","guid":{"rendered":"https:\/\/noticiasveracruz.com\/?p=52924"},"modified":"2025-03-24T01:15:56","modified_gmt":"2025-03-24T07:15:56","slug":"china-seguira-el-camino-correcto-de-la-globalizacion-economica-li-qiang","status":"publish","type":"post","link":"https:\/\/noticiasveracruz.com\/index.php\/2025\/03\/24\/china-seguira-el-camino-correcto-de-la-globalizacion-economica-li-qiang\/","title":{"rendered":"China seguir\u00e1 el camino \u00abcorrecto\u00bb de la globalizaci\u00f3n econ\u00f3mica: Li Qiang"},"content":{"rendered":"<p>El primer ministro chino, Li Qiang, asegur\u00f3 este domingo que su pa\u00eds seguir\u00e1 comprometido con \u00abla direcci\u00f3n correcta de la globalizaci\u00f3n econ\u00f3mica\u00bb frente a la creciente \u00abfragmentaci\u00f3n\u00bb de la econom\u00eda mundial, a medida que se intensifica una nueva guerra comercial con Washington.<\/p>\n<p>El n\u00famero dos del gigante asi\u00e1tico habl\u00f3 en un foro econ\u00f3mico en Pek\u00edn frente a empresarios y ejecutivos de multinacionales, en momentos en que el mandatario estadounidense Donald Trump ha impuesto nuevas rondas de aranceles a las exportaciones chinas.<\/p>\n<p>\u00abComo un gran pa\u00eds responsable, China se mantendr\u00e1 firme del lado correcto de la historia (&#8230;)\u00bb y actuar\u00e1 de manera justa, dijo el primer ministro Li en una reuni\u00f3n con ejecutivos de empresas multinacionales en Pek\u00edn.<\/p>\n<p>Agreg\u00f3 que su pa\u00eds \u00abpracticar\u00e1 un verdadero multilateralismo y se esforzar\u00e1 por ser una fuerza de estabilidad y certeza\u00bb.<\/p>\n","protected":false},"excerpt":{"rendered":"<p>El primer ministro chino, Li Qiang, asegur\u00f3 este domingo que su pa\u00eds seguir\u00e1 comprometido con \u00abla direcci\u00f3n correcta de la<\/p>\n","protected":false},"author":4,"featured_media":52925,"comment_status":"closed","ping_status":"closed","sticky":false,"template":"","format":"standard","meta":{"colormag_page_container_layout":"default_layout","colormag_page_sidebar_layout":"default_layout","_jetpack_memberships_contains_paid_content":false,"footnotes":"","jetpack_publicize_message":"","jetpack_publicize_feature_enabled":true,"jetpack_social_post_already_shared":true,"jetpack_social_options":{"image_generator_settings":{"template":"highway","default_image_id":0,"font":"","enabled":false},"version":2}},"categories":[1947],"tags":[],"class_list":["post-52924","post","type-post","status-publish","format-standard","has-post-thumbnail","hentry","category-economia"],"jetpack_publicize_connections":[],"jetpack_featured_media_url":"https:\/\/noticiasveracruz.com\/wp-content\/uploads\/2025\/03\/CHI-1.jpg","jetpack_sharing_enabled":true,"publishpress_future_action":{"enabled":false,"date":"2026-05-07 20:05:03","action":"change-status","newStatus":"draft","terms":[],"taxonomy":"category","extraData":[]},"publishpress_future_workflow_manual_trigger":{"enabledWorkflows":[]},"_links":{"self":[{"href":"https:\/\/noticiasveracruz.com\/index.php\/wp-json\/wp\/v2\/posts\/52924","targetHints":{"allow":["GET"]}}],"collection":[{"href":"https:\/\/noticiasveracruz.com\/index.php\/wp-json\/wp\/v2\/posts"}],"about":[{"href":"https:\/\/noticiasveracruz.com\/index.php\/wp-json\/wp\/v2\/types\/post"}],"author":[{"embeddable":true,"href":"https:\/\/noticiasveracruz.com\/index.php\/wp-json\/wp\/v2\/users\/4"}],"replies":[{"embeddable":true,"href":"https:\/\/noticiasveracruz.com\/index.php\/wp-json\/wp\/v2\/comments?post=52924"}],"version-history":[{"count":0,"href":"https:\/\/noticiasveracruz.com\/index.php\/wp-json\/wp\/v2\/posts\/52924\/revisions"}],"wp:featuredmedia":[{"embeddable":true,"href":"https:\/\/noticiasveracruz.com\/index.php\/wp-json\/wp\/v2\/media\/52925"}],"wp:attachment":[{"href":"https:\/\/noticiasveracruz.com\/index.php\/wp-json\/wp\/v2\/media?parent=52924"}],"wp:term":[{"taxonomy":"category","embeddable":true,"href":"https:\/\/noticiasveracruz.com\/index.php\/wp-json\/wp\/v2\/categories?post=52924"},{"taxonomy":"post_tag","embeddable":true,"href":"https:\/\/noticiasveracruz.com\/index.php\/wp-json\/wp\/v2\/tags?post=52924"}],"curies":[{"name":"wp","href":"https:\/\/api.w.org\/{rel}","templated":true}]}}