{"id":52903,"date":"2025-03-24T00:55:32","date_gmt":"2025-03-24T06:55:32","guid":{"rendered":"https:\/\/noticiasveracruz.com\/?p=52903"},"modified":"2025-03-24T00:55:32","modified_gmt":"2025-03-24T06:55:32","slug":"concluye-cumbre-tajin","status":"publish","type":"post","link":"https:\/\/noticiasveracruz.com\/index.php\/2025\/03\/24\/concluye-cumbre-tajin\/","title":{"rendered":"Concluye Cumbre Taj\u00edn"},"content":{"rendered":"<p>La titular de la Secretar\u00eda de Cultura de Veracruz (SECVER), X\u00f3chitl Molina Gonz\u00e1lez, en representaci\u00f3n de la gobernadora, Roc\u00edo Nahle Garc\u00eda, clausur\u00f3 la 25\u00aa edici\u00f3n de Cumbre Taj\u00edn, Tachan\u00e1n, la siembra para el mundo, en el Parque Tem\u00e1tico Takilhsukut.<\/p>\n<p>En su mensaje, expres\u00f3 su gratitud al Consejo Totonaco, gu\u00eda espiritual y cultural, que a\u00f1o con a\u00f1o abre sus puertas para recibir a la poblaci\u00f3n veracruzana; asimismo, reconoci\u00f3 la colaboraci\u00f3n entre las dependencias del Poder Ejecutivo, el Ayuntamiento de Papantla y las organizaciones civiles que se sumaron a esta edici\u00f3n.<\/p>\n<p>Destac\u00f3 tambi\u00e9n la invaluable participaci\u00f3n de las cocineras tradicionales del Totonacapan y de diversas regiones de Veracruz, quienes deleitaron a los asistentes con la riqueza de la gastronom\u00eda veracruzana.<\/p>\n<p>De igual forma, hizo un reconocimiento a los m\u00e1s de dos mil artistas que compartieron su talento con el p\u00fablico.<\/p>\n<p>Finalmente, expres\u00f3 su agradecimiento a Radio y Televisi\u00f3n de Veracruz (RTV), as\u00ed como a las y los colaboradores de la Secretar\u00eda de Turismo y SECVER, cuyo esfuerzo hizo posible esta celebraci\u00f3n.<\/p>\n<p>Este a\u00f1o, Cumbre Taj\u00edn reafirm\u00f3 su vocaci\u00f3n como un espacio de expresi\u00f3n cultural, donde convergen y se fortalecen los lazos entre las distintas regiones de Veracruz, en armon\u00eda con la cosmovisi\u00f3n de los pueblos originarios.<\/p>\n<p>El festival ofreci\u00f3 un programa vibrante de presentaciones que fungieron como un puente entre el pasado y el presente, revitalizando las tradiciones que dan identidad al pueblo veracruzano.<\/p>\n","protected":false},"excerpt":{"rendered":"<p>La titular de la Secretar\u00eda de Cultura de Veracruz (SECVER), X\u00f3chitl Molina Gonz\u00e1lez, en representaci\u00f3n de la gobernadora, Roc\u00edo Nahle<\/p>\n","protected":false},"author":4,"featured_media":52904,"comment_status":"closed","ping_status":"closed","sticky":false,"template":"","format":"standard","meta":{"colormag_page_container_layout":"default_layout","colormag_page_sidebar_layout":"default_layout","_jetpack_memberships_contains_paid_content":false,"footnotes":"","jetpack_publicize_message":"","jetpack_publicize_feature_enabled":true,"jetpack_social_post_already_shared":true,"jetpack_social_options":{"image_generator_settings":{"template":"highway","default_image_id":0,"font":"","enabled":false},"version":2}},"categories":[356],"tags":[],"class_list":["post-52903","post","type-post","status-publish","format-standard","has-post-thumbnail","hentry","category-veracruz"],"jetpack_publicize_connections":[],"jetpack_featured_media_url":"https:\/\/noticiasveracruz.com\/wp-content\/uploads\/2025\/03\/8a-4-scaled.jpg","jetpack_sharing_enabled":true,"publishpress_future_action":{"enabled":false,"date":"2026-05-07 17:30:22","action":"change-status","newStatus":"draft","terms":[],"taxonomy":"category","extraData":[]},"publishpress_future_workflow_manual_trigger":{"enabledWorkflows":[]},"_links":{"self":[{"href":"https:\/\/noticiasveracruz.com\/index.php\/wp-json\/wp\/v2\/posts\/52903","targetHints":{"allow":["GET"]}}],"collection":[{"href":"https:\/\/noticiasveracruz.com\/index.php\/wp-json\/wp\/v2\/posts"}],"about":[{"href":"https:\/\/noticiasveracruz.com\/index.php\/wp-json\/wp\/v2\/types\/post"}],"author":[{"embeddable":true,"href":"https:\/\/noticiasveracruz.com\/index.php\/wp-json\/wp\/v2\/users\/4"}],"replies":[{"embeddable":true,"href":"https:\/\/noticiasveracruz.com\/index.php\/wp-json\/wp\/v2\/comments?post=52903"}],"version-history":[{"count":0,"href":"https:\/\/noticiasveracruz.com\/index.php\/wp-json\/wp\/v2\/posts\/52903\/revisions"}],"wp:featuredmedia":[{"embeddable":true,"href":"https:\/\/noticiasveracruz.com\/index.php\/wp-json\/wp\/v2\/media\/52904"}],"wp:attachment":[{"href":"https:\/\/noticiasveracruz.com\/index.php\/wp-json\/wp\/v2\/media?parent=52903"}],"wp:term":[{"taxonomy":"category","embeddable":true,"href":"https:\/\/noticiasveracruz.com\/index.php\/wp-json\/wp\/v2\/categories?post=52903"},{"taxonomy":"post_tag","embeddable":true,"href":"https:\/\/noticiasveracruz.com\/index.php\/wp-json\/wp\/v2\/tags?post=52903"}],"curies":[{"name":"wp","href":"https:\/\/api.w.org\/{rel}","templated":true}]}}