{"id":52900,"date":"2025-03-24T00:53:52","date_gmt":"2025-03-24T06:53:52","guid":{"rendered":"https:\/\/noticiasveracruz.com\/?p=52900"},"modified":"2025-03-24T00:53:52","modified_gmt":"2025-03-24T06:53:52","slug":"buscan-reaperturar-aeropuerto-tajin","status":"publish","type":"post","link":"https:\/\/noticiasveracruz.com\/index.php\/2025\/03\/24\/buscan-reaperturar-aeropuerto-tajin\/","title":{"rendered":"Buscan reaperturar Aeropuerto Taj\u00edn"},"content":{"rendered":"<p>La construcci\u00f3n del complejo de fertilizantes para Poza Rica puede convertirse en el ancla para la llegada de m\u00e1s personas a la zona norte, tanto por el lado industrial, como tur\u00edstico, por lo que el Aeropuerto Taj\u00edn deber\u00eda ponerse en operaci\u00f3n cuando menos con un vuelo diario, consider\u00f3 la gobernadora Roc\u00edo Nahle Garc\u00eda.<\/p>\n<p>La mandataria veracruzana destac\u00f3 que actualmente Veracruz recibe 6 vuelos diarios de la Ciudad de M\u00e9xico, el doble que hace un a\u00f1o y medio, lo que habla de la importancia del estado.<\/p>\n<p>Adem\u00e1s, dijo, en su reciente participaci\u00f3n en la Feria Internacional de Turismo en Madrid, Espa\u00f1a, tuvo la oportunidad de hablar con representantes de las aerol\u00edneas Viva Aerob\u00fas y Aerom\u00e9xico, con la finalidad de analizar la apertura de la terminal a\u00e9rea de Poza Rica, la cual est\u00e1 en perfectas condiciones.<\/p>\n<p>\u201cLa presidenta (Claudia Sheinbaum Pardo) instruy\u00f3 a que en Poza Rica se haga un complejo de fertilizantes, cuando se hace ese tipo de infraestructura, es por mil 500 millones de d\u00f3lares en la etapa inicial y llega mucho movimiento, eso nos ayuda para decir, necesitamos que la gente se empiece a mover. Cuando yo estuve en Tabasco, en la refiner\u00eda hab\u00eda 7 vuelos a Villahermosa, yo ten\u00eda que comprar los boletos con anticipaci\u00f3n, cuando terminamos me vengo a hacer la campa\u00f1a, yo vi que ten\u00edamos 3 vuelos al d\u00eda, hoy tenemos 6 vuelos\u201d.<\/p>\n<p>Destac\u00f3 que se requiere en Poza Rica un ancla de visitantes, la cual podr\u00eda ser la industrial, de la mano con el turismo.<\/p>\n<p>Roc\u00edo Nahle Garc\u00eda dio a conocer que actualmente el Aeropuerto El Taj\u00edn est\u00e1 en manos del Grupo Aeroportuario del Sureste, cuyos representantes le han pedido apoyo para que cuando menos llegue un vuelo de la Ciudad de M\u00e9xico como se ten\u00eda antes.<\/p>\n","protected":false},"excerpt":{"rendered":"<p>La construcci\u00f3n del complejo de fertilizantes para Poza Rica puede convertirse en el ancla para la llegada de m\u00e1s personas<\/p>\n","protected":false},"author":4,"featured_media":52901,"comment_status":"closed","ping_status":"closed","sticky":false,"template":"","format":"standard","meta":{"colormag_page_container_layout":"default_layout","colormag_page_sidebar_layout":"default_layout","_jetpack_memberships_contains_paid_content":false,"footnotes":"","jetpack_publicize_message":"","jetpack_publicize_feature_enabled":true,"jetpack_social_post_already_shared":true,"jetpack_social_options":{"image_generator_settings":{"template":"highway","default_image_id":0,"font":"","enabled":false},"version":2}},"categories":[356],"tags":[],"class_list":["post-52900","post","type-post","status-publish","format-standard","has-post-thumbnail","hentry","category-veracruz"],"jetpack_publicize_connections":[],"jetpack_featured_media_url":"https:\/\/noticiasveracruz.com\/wp-content\/uploads\/2025\/03\/10b-2.jpg","jetpack_sharing_enabled":true,"publishpress_future_action":{"enabled":false,"date":"2026-05-07 18:13:37","action":"change-status","newStatus":"draft","terms":[],"taxonomy":"category","extraData":[]},"publishpress_future_workflow_manual_trigger":{"enabledWorkflows":[]},"_links":{"self":[{"href":"https:\/\/noticiasveracruz.com\/index.php\/wp-json\/wp\/v2\/posts\/52900","targetHints":{"allow":["GET"]}}],"collection":[{"href":"https:\/\/noticiasveracruz.com\/index.php\/wp-json\/wp\/v2\/posts"}],"about":[{"href":"https:\/\/noticiasveracruz.com\/index.php\/wp-json\/wp\/v2\/types\/post"}],"author":[{"embeddable":true,"href":"https:\/\/noticiasveracruz.com\/index.php\/wp-json\/wp\/v2\/users\/4"}],"replies":[{"embeddable":true,"href":"https:\/\/noticiasveracruz.com\/index.php\/wp-json\/wp\/v2\/comments?post=52900"}],"version-history":[{"count":0,"href":"https:\/\/noticiasveracruz.com\/index.php\/wp-json\/wp\/v2\/posts\/52900\/revisions"}],"wp:featuredmedia":[{"embeddable":true,"href":"https:\/\/noticiasveracruz.com\/index.php\/wp-json\/wp\/v2\/media\/52901"}],"wp:attachment":[{"href":"https:\/\/noticiasveracruz.com\/index.php\/wp-json\/wp\/v2\/media?parent=52900"}],"wp:term":[{"taxonomy":"category","embeddable":true,"href":"https:\/\/noticiasveracruz.com\/index.php\/wp-json\/wp\/v2\/categories?post=52900"},{"taxonomy":"post_tag","embeddable":true,"href":"https:\/\/noticiasveracruz.com\/index.php\/wp-json\/wp\/v2\/tags?post=52900"}],"curies":[{"name":"wp","href":"https:\/\/api.w.org\/{rel}","templated":true}]}}