{"id":52897,"date":"2025-03-24T00:52:46","date_gmt":"2025-03-24T06:52:46","guid":{"rendered":"https:\/\/noticiasveracruz.com\/?p=52897"},"modified":"2025-03-24T00:52:46","modified_gmt":"2025-03-24T06:52:46","slug":"contraloria-capacitara-a-ayuntamientos","status":"publish","type":"post","link":"https:\/\/noticiasveracruz.com\/index.php\/2025\/03\/24\/contraloria-capacitara-a-ayuntamientos\/","title":{"rendered":"Contralor\u00eda capacitar\u00e1 a Ayuntamientos"},"content":{"rendered":"<p>Para fortalecer la transparencia y la rendici\u00f3n de cuentas en la gesti\u00f3n p\u00fablica, la Contralor\u00eda General del Estado (CGE) participar\u00e1 en las jornadas de capacitaci\u00f3n sobre fiscalizaci\u00f3n dirigidas a servidores p\u00fablicos municipales.<\/p>\n<p>Impartir\u00e1 temas clave sobre el Gasto Federalizado y los Recursos Federales Transferidos, proporcionando a las participantes herramientas para una correcta aplicaci\u00f3n de los recursos conforme a la normativa vigente.<\/p>\n<p>Durante las sesiones, abordar\u00e1 la responsabilidad de los servidores p\u00fablicos, las normativas aplicables, las sanciones en caso de incumplimiento y el papel de los \u00d3rganos de Control Interno Municipales en la fiscalizaci\u00f3n y rendici\u00f3n de cuentas.<\/p>\n<p>Organizadas por el Congreso del Estado, a trav\u00e9s de la Secretar\u00eda de Fiscalizaci\u00f3n y la Direcci\u00f3n de Auditor\u00eda y Revisi\u00f3n Financiera, las jornadas iniciar\u00e1n el pr\u00f3ximo martes en distintas sedes: Tuxpan, Xalapa, Veracruz y Coatzacoalcos, abarcando las principales regiones del estado.<\/p>\n<p>El programa contar\u00e1 con la colaboraci\u00f3n de instancias como el Tribunal de Justicia Administrativa del Estado de Veracruz y el Instituto Veracruzano de Acceso a la Informaci\u00f3n y Protecci\u00f3n de Datos Personales, fortaleciendo la formaci\u00f3n integral de los asistentes.<\/p>\n","protected":false},"excerpt":{"rendered":"<p>Para fortalecer la transparencia y la rendici\u00f3n de cuentas en la gesti\u00f3n p\u00fablica, la Contralor\u00eda General del Estado (CGE) participar\u00e1<\/p>\n","protected":false},"author":4,"featured_media":52898,"comment_status":"closed","ping_status":"closed","sticky":false,"template":"","format":"standard","meta":{"colormag_page_container_layout":"default_layout","colormag_page_sidebar_layout":"default_layout","_jetpack_memberships_contains_paid_content":false,"footnotes":"","jetpack_publicize_message":"","jetpack_publicize_feature_enabled":true,"jetpack_social_post_already_shared":true,"jetpack_social_options":{"image_generator_settings":{"template":"highway","default_image_id":0,"font":"","enabled":false},"version":2}},"categories":[356],"tags":[],"class_list":["post-52897","post","type-post","status-publish","format-standard","has-post-thumbnail","hentry","category-veracruz"],"jetpack_publicize_connections":[],"jetpack_featured_media_url":"https:\/\/noticiasveracruz.com\/wp-content\/uploads\/2025\/03\/9c-9.jpg","jetpack_sharing_enabled":true,"publishpress_future_action":{"enabled":false,"date":"2026-05-07 19:06:01","action":"change-status","newStatus":"draft","terms":[],"taxonomy":"category","extraData":[]},"publishpress_future_workflow_manual_trigger":{"enabledWorkflows":[]},"_links":{"self":[{"href":"https:\/\/noticiasveracruz.com\/index.php\/wp-json\/wp\/v2\/posts\/52897","targetHints":{"allow":["GET"]}}],"collection":[{"href":"https:\/\/noticiasveracruz.com\/index.php\/wp-json\/wp\/v2\/posts"}],"about":[{"href":"https:\/\/noticiasveracruz.com\/index.php\/wp-json\/wp\/v2\/types\/post"}],"author":[{"embeddable":true,"href":"https:\/\/noticiasveracruz.com\/index.php\/wp-json\/wp\/v2\/users\/4"}],"replies":[{"embeddable":true,"href":"https:\/\/noticiasveracruz.com\/index.php\/wp-json\/wp\/v2\/comments?post=52897"}],"version-history":[{"count":0,"href":"https:\/\/noticiasveracruz.com\/index.php\/wp-json\/wp\/v2\/posts\/52897\/revisions"}],"wp:featuredmedia":[{"embeddable":true,"href":"https:\/\/noticiasveracruz.com\/index.php\/wp-json\/wp\/v2\/media\/52898"}],"wp:attachment":[{"href":"https:\/\/noticiasveracruz.com\/index.php\/wp-json\/wp\/v2\/media?parent=52897"}],"wp:term":[{"taxonomy":"category","embeddable":true,"href":"https:\/\/noticiasveracruz.com\/index.php\/wp-json\/wp\/v2\/categories?post=52897"},{"taxonomy":"post_tag","embeddable":true,"href":"https:\/\/noticiasveracruz.com\/index.php\/wp-json\/wp\/v2\/tags?post=52897"}],"curies":[{"name":"wp","href":"https:\/\/api.w.org\/{rel}","templated":true}]}}