{"id":52894,"date":"2025-03-24T00:52:03","date_gmt":"2025-03-24T06:52:03","guid":{"rendered":"https:\/\/noticiasveracruz.com\/?p=52894"},"modified":"2025-03-24T00:52:03","modified_gmt":"2025-03-24T06:52:03","slug":"cumplen-80-anos-los-cam","status":"publish","type":"post","link":"https:\/\/noticiasveracruz.com\/index.php\/2025\/03\/24\/cumplen-80-anos-los-cam\/","title":{"rendered":"Cumplen 80 a\u00f1os los CAM"},"content":{"rendered":"<p>La Secretar\u00eda de Educaci\u00f3n de Veracruz (SEV) conmemor\u00f3 el 80 aniversario de los Centros de Actualizaci\u00f3n del Magisterio (CAM) con diversas actividades en el CAM Xalapa, destacando su papel fundamental en la formaci\u00f3n y actualizaci\u00f3n de docentes en servicio.<\/p>\n<p>Como parte del festejo, se devel\u00f3 una placa conmemorativa y se inaugur\u00f3 una exposici\u00f3n fotogr\u00e1fica a cargo del cronista Efr\u00e9n Contreras Guti\u00e9rrez y se reconoci\u00f3 a los directores que han formado parte de la historia del CAM, se entregaron distinciones a docentes jubilados y se rindi\u00f3 homenaje a quienes han fallecido.<\/p>\n<p>Durante la ceremonia, la secretaria de Educaci\u00f3n de Veracruz, Claudia Tello Espinosa, en representaci\u00f3n de la gobernadora Roc\u00edo Nahle Garc\u00eda, reconoci\u00f3 el compromiso y la labor de las maestras y maestros en la educaci\u00f3n de las nuevas generaciones.<\/p>\n<p>Acompa\u00f1ada por el subsecretario de Educaci\u00f3n Media Superior y Superior, El\u00edas Calixto Armas, el director de Educaci\u00f3n Normal, H\u00e9ctor Mart\u00ednez Guerrero, y la directora del CAM, Carmen Judith del Socorro Carde\u00f1a Gopar, enfatiz\u00f3 la importancia de la capacitaci\u00f3n docente para fortalecer la excelencia educativa en Veracruz.<\/p>\n<p>El evento concluy\u00f3 con la charla Los setenta, transformaci\u00f3n en la capacitaci\u00f3n de los docentes, impartida por la maestra Mar\u00eda Eugenia Espinosa Carbajal, resaltando la evoluci\u00f3n y trascendencia de los CAM en la profesionalizaci\u00f3n del magisterio.<\/p>\n","protected":false},"excerpt":{"rendered":"<p>La Secretar\u00eda de Educaci\u00f3n de Veracruz (SEV) conmemor\u00f3 el 80 aniversario de los Centros de Actualizaci\u00f3n del Magisterio (CAM) con<\/p>\n","protected":false},"author":4,"featured_media":52895,"comment_status":"closed","ping_status":"closed","sticky":false,"template":"","format":"standard","meta":{"colormag_page_container_layout":"default_layout","colormag_page_sidebar_layout":"default_layout","_jetpack_memberships_contains_paid_content":false,"footnotes":"","jetpack_publicize_message":"","jetpack_publicize_feature_enabled":true,"jetpack_social_post_already_shared":true,"jetpack_social_options":{"image_generator_settings":{"template":"highway","default_image_id":0,"font":"","enabled":false},"version":2}},"categories":[356],"tags":[],"class_list":["post-52894","post","type-post","status-publish","format-standard","has-post-thumbnail","hentry","category-veracruz"],"jetpack_publicize_connections":[],"jetpack_featured_media_url":"https:\/\/noticiasveracruz.com\/wp-content\/uploads\/2025\/03\/9b-10.jpg","jetpack_sharing_enabled":true,"publishpress_future_action":{"enabled":false,"date":"2026-05-07 20:00:13","action":"change-status","newStatus":"draft","terms":[],"taxonomy":"category","extraData":[]},"publishpress_future_workflow_manual_trigger":{"enabledWorkflows":[]},"_links":{"self":[{"href":"https:\/\/noticiasveracruz.com\/index.php\/wp-json\/wp\/v2\/posts\/52894","targetHints":{"allow":["GET"]}}],"collection":[{"href":"https:\/\/noticiasveracruz.com\/index.php\/wp-json\/wp\/v2\/posts"}],"about":[{"href":"https:\/\/noticiasveracruz.com\/index.php\/wp-json\/wp\/v2\/types\/post"}],"author":[{"embeddable":true,"href":"https:\/\/noticiasveracruz.com\/index.php\/wp-json\/wp\/v2\/users\/4"}],"replies":[{"embeddable":true,"href":"https:\/\/noticiasveracruz.com\/index.php\/wp-json\/wp\/v2\/comments?post=52894"}],"version-history":[{"count":0,"href":"https:\/\/noticiasveracruz.com\/index.php\/wp-json\/wp\/v2\/posts\/52894\/revisions"}],"wp:featuredmedia":[{"embeddable":true,"href":"https:\/\/noticiasveracruz.com\/index.php\/wp-json\/wp\/v2\/media\/52895"}],"wp:attachment":[{"href":"https:\/\/noticiasveracruz.com\/index.php\/wp-json\/wp\/v2\/media?parent=52894"}],"wp:term":[{"taxonomy":"category","embeddable":true,"href":"https:\/\/noticiasveracruz.com\/index.php\/wp-json\/wp\/v2\/categories?post=52894"},{"taxonomy":"post_tag","embeddable":true,"href":"https:\/\/noticiasveracruz.com\/index.php\/wp-json\/wp\/v2\/tags?post=52894"}],"curies":[{"name":"wp","href":"https:\/\/api.w.org\/{rel}","templated":true}]}}