{"id":52884,"date":"2025-03-21T21:13:00","date_gmt":"2025-03-22T03:13:00","guid":{"rendered":"https:\/\/noticiasveracruz.com\/?p=52884"},"modified":"2025-03-21T21:13:00","modified_gmt":"2025-03-22T03:13:00","slug":"se-construira-moderno-techado-en-area-de-uso-multiple-y-se-rehabilitara-la-cancha-deportiva-de-la-escuela-secundaria-tecnica-industrial-n-2","status":"publish","type":"post","link":"https:\/\/noticiasveracruz.com\/index.php\/2025\/03\/21\/se-construira-moderno-techado-en-area-de-uso-multiple-y-se-rehabilitara-la-cancha-deportiva-de-la-escuela-secundaria-tecnica-industrial-n-2\/","title":{"rendered":"Se construir\u00e1 moderno techado en \u00e1rea de uso m\u00faltiple y se rehabilitar\u00e1 la cancha deportiva de la escuela secundaria T\u00e9cnica Industrial N\u00b0 2"},"content":{"rendered":"<p>\u2022 El alcalde Dr. Jes\u00fas Fomperoza detall\u00f3 que la inversi\u00f3n ser\u00e1 de 2 millones 750 mil pesos.<\/p>\n<p>Tuxpan, Ver., 21 de marzo de 2025.- Durante una visita a la secundaria T\u00e9cnica Industrial N\u00b0 2 \u201cEnrique Rodr\u00edguez Cano\u201d, el presidente municipal Jes\u00fas Fomperoza Torres inform\u00f3 a la comunidad educativa y padres de familia que se habr\u00e1 de construir un nuevo y moderno techado en el \u00e1rea de uso m\u00faltiple.<\/p>\n<p><img loading=\"lazy\" decoding=\"async\" class=\"alignnone size-medium wp-image-52888\" src=\"http:\/\/noticiasveracruz.com\/wp-content\/uploads\/2025\/03\/WhatsApp-Image-2025-03-21-at-18.32.15-300x139.jpeg\" alt=\"\" width=\"300\" height=\"139\" srcset=\"https:\/\/noticiasveracruz.com\/wp-content\/uploads\/2025\/03\/WhatsApp-Image-2025-03-21-at-18.32.15-300x139.jpeg 300w, https:\/\/noticiasveracruz.com\/wp-content\/uploads\/2025\/03\/WhatsApp-Image-2025-03-21-at-18.32.15-1024x473.jpeg 1024w, https:\/\/noticiasveracruz.com\/wp-content\/uploads\/2025\/03\/WhatsApp-Image-2025-03-21-at-18.32.15-768x355.jpeg 768w, https:\/\/noticiasveracruz.com\/wp-content\/uploads\/2025\/03\/WhatsApp-Image-2025-03-21-at-18.32.15.jpeg 1280w\" sizes=\"auto, (max-width: 300px) 100vw, 300px\" \/><\/p>\n<p>En compa\u00f1\u00eda del regidor Luis Demetrio L\u00f3pez Mar\u00edn y del director de Desarrollo Social, Jes\u00fas Carballo Serrano, el alcalde detall\u00f3 que adem\u00e1s del techado, tambi\u00e9n se rehabilitar\u00e1 la cancha deportiva.<\/p>\n<p><img loading=\"lazy\" decoding=\"async\" class=\"alignnone size-medium wp-image-52886\" src=\"http:\/\/noticiasveracruz.com\/wp-content\/uploads\/2025\/03\/WhatsApp-Image-2025-03-21-at-18.32.14-2-300x138.jpeg\" alt=\"\" width=\"300\" height=\"138\" srcset=\"https:\/\/noticiasveracruz.com\/wp-content\/uploads\/2025\/03\/WhatsApp-Image-2025-03-21-at-18.32.14-2-300x138.jpeg 300w, https:\/\/noticiasveracruz.com\/wp-content\/uploads\/2025\/03\/WhatsApp-Image-2025-03-21-at-18.32.14-2-1024x472.jpeg 1024w, https:\/\/noticiasveracruz.com\/wp-content\/uploads\/2025\/03\/WhatsApp-Image-2025-03-21-at-18.32.14-2-768x354.jpeg 768w, https:\/\/noticiasveracruz.com\/wp-content\/uploads\/2025\/03\/WhatsApp-Image-2025-03-21-at-18.32.14-2.jpeg 1280w\" sizes=\"auto, (max-width: 300px) 100vw, 300px\" \/><\/p>\n<p>El Dr. Fomperoza expuso que, para este proyecto, el Gobierno de Tuxpan aprob\u00f3 un presupuesto de 2 millones 750 mil pesos, del ejercicio fiscal 2025, por lo que en breve iniciar\u00e1n los trabajos de construcci\u00f3n.<\/p>\n<p><img loading=\"lazy\" decoding=\"async\" class=\"alignnone size-medium wp-image-52885\" src=\"http:\/\/noticiasveracruz.com\/wp-content\/uploads\/2025\/03\/WhatsApp-Image-2025-03-21-at-18.32.14-1-300x139.jpeg\" alt=\"\" width=\"300\" height=\"139\" srcset=\"https:\/\/noticiasveracruz.com\/wp-content\/uploads\/2025\/03\/WhatsApp-Image-2025-03-21-at-18.32.14-1-300x139.jpeg 300w, https:\/\/noticiasveracruz.com\/wp-content\/uploads\/2025\/03\/WhatsApp-Image-2025-03-21-at-18.32.14-1-1024x473.jpeg 1024w, https:\/\/noticiasveracruz.com\/wp-content\/uploads\/2025\/03\/WhatsApp-Image-2025-03-21-at-18.32.14-1-768x355.jpeg 768w, https:\/\/noticiasveracruz.com\/wp-content\/uploads\/2025\/03\/WhatsApp-Image-2025-03-21-at-18.32.14-1.jpeg 1280w\" sizes=\"auto, (max-width: 300px) 100vw, 300px\" \/><\/p>\n<p>El alcalde reconoci\u00f3 que la T\u00e9cnica N\u00b0 2 ha formado muchas generaciones de estudiantes que hoy son parte de los diversos sectores productivos del municipio.<\/p>\n<p>Por ello, reiter\u00f3 su reconocimiento al personal docente y administrativo de esta importante instituci\u00f3n que es orgullo de Tuxpan.<\/p>\n","protected":false},"excerpt":{"rendered":"<p>\u2022 El alcalde Dr. Jes\u00fas Fomperoza detall\u00f3 que la inversi\u00f3n ser\u00e1 de 2 millones 750 mil pesos. Tuxpan, Ver., 21<\/p>\n","protected":false},"author":4,"featured_media":52887,"comment_status":"closed","ping_status":"closed","sticky":false,"template":"","format":"standard","meta":{"colormag_page_container_layout":"default_layout","colormag_page_sidebar_layout":"default_layout","_jetpack_memberships_contains_paid_content":false,"footnotes":"","jetpack_publicize_message":"","jetpack_publicize_feature_enabled":true,"jetpack_social_post_already_shared":true,"jetpack_social_options":{"image_generator_settings":{"template":"highway","default_image_id":0,"font":"","enabled":false},"version":2}},"categories":[3372,356],"tags":[],"class_list":["post-52884","post","type-post","status-publish","format-standard","has-post-thumbnail","hentry","category-gobierno-tuxpan","category-veracruz"],"jetpack_publicize_connections":[],"jetpack_featured_media_url":"https:\/\/noticiasveracruz.com\/wp-content\/uploads\/2025\/03\/WhatsApp-Image-2025-03-21-at-18.32.14.jpeg","jetpack_sharing_enabled":true,"publishpress_future_action":{"enabled":false,"date":"2026-05-08 02:18:00","action":"change-status","newStatus":"draft","terms":[],"taxonomy":"category","extraData":[]},"publishpress_future_workflow_manual_trigger":{"enabledWorkflows":[]},"_links":{"self":[{"href":"https:\/\/noticiasveracruz.com\/index.php\/wp-json\/wp\/v2\/posts\/52884","targetHints":{"allow":["GET"]}}],"collection":[{"href":"https:\/\/noticiasveracruz.com\/index.php\/wp-json\/wp\/v2\/posts"}],"about":[{"href":"https:\/\/noticiasveracruz.com\/index.php\/wp-json\/wp\/v2\/types\/post"}],"author":[{"embeddable":true,"href":"https:\/\/noticiasveracruz.com\/index.php\/wp-json\/wp\/v2\/users\/4"}],"replies":[{"embeddable":true,"href":"https:\/\/noticiasveracruz.com\/index.php\/wp-json\/wp\/v2\/comments?post=52884"}],"version-history":[{"count":0,"href":"https:\/\/noticiasveracruz.com\/index.php\/wp-json\/wp\/v2\/posts\/52884\/revisions"}],"wp:featuredmedia":[{"embeddable":true,"href":"https:\/\/noticiasveracruz.com\/index.php\/wp-json\/wp\/v2\/media\/52887"}],"wp:attachment":[{"href":"https:\/\/noticiasveracruz.com\/index.php\/wp-json\/wp\/v2\/media?parent=52884"}],"wp:term":[{"taxonomy":"category","embeddable":true,"href":"https:\/\/noticiasveracruz.com\/index.php\/wp-json\/wp\/v2\/categories?post=52884"},{"taxonomy":"post_tag","embeddable":true,"href":"https:\/\/noticiasveracruz.com\/index.php\/wp-json\/wp\/v2\/tags?post=52884"}],"curies":[{"name":"wp","href":"https:\/\/api.w.org\/{rel}","templated":true}]}}