{"id":52866,"date":"2025-03-22T00:15:32","date_gmt":"2025-03-22T06:15:32","guid":{"rendered":"https:\/\/noticiasveracruz.com\/?p=52866"},"modified":"2025-03-21T20:49:27","modified_gmt":"2025-03-22T02:49:27","slug":"se-consiguen-acuerdos-entre-magisterio-y-gobierno-de-yucatan","status":"publish","type":"post","link":"https:\/\/noticiasveracruz.com\/index.php\/2025\/03\/22\/se-consiguen-acuerdos-entre-magisterio-y-gobierno-de-yucatan\/","title":{"rendered":"Se consiguen acuerdos entre magisterio y Gobierno de Yucat\u00e1n"},"content":{"rendered":"<p class=\"nota-justify\">L\u00edderes del sector magisterial y el gobierno de Yucat\u00e1n alcanzaron la madrugada de este viernes tres principales acuerdos: mesas de di\u00e1logos permanentes, realizar foros regionales para recoger las demandas y propuestas del sector educativo en todo el estado; y garantizar que no se aplicar\u00e1n descuentos salariales a las y los maestros que participaron en las recientes movilizaciones.<\/p>\n<p class=\"nota-justify\">Luego de que un d\u00eda antes, la marcha de profesores acab\u00f3 en un sainete con polic\u00edas que custodiaban el Palacio de Gobierno, en donde los primeros quisieron ingresar a la fuerza, ya entrada la noche del jueves y en la madrugada de este viernes, el mandatario Joaqu\u00edn\u00a0<i>Huacho<\/i>\u00a0D\u00edaz Mena sostuvo reuniones con dirigentes de las secciones 33 y 57 del Sindicato Nacional de Trabajadores de la Educaci\u00f3n (SNTE) en la entidad y, posteriormente, con l\u00edderes de la base magisterial.<\/p>\n<p class=\"nota-justify\">En un primer encuentro celebrado alrededor de las 10:30 de la noche, el Gobernador se reuni\u00f3 con BJ Emanuel Gonz\u00e1lez, Secretario General secci\u00f3n 33 SNTE y Alejandro Chulin, Secretario General Secci\u00f3n 57 SNTE, para reiterar su disposici\u00f3n al di\u00e1logo y avanzar de manera coordinada en la lucha por los derechos de las y los maestros de Yucat\u00e1n.<\/p>\n<p class=\"nota-justify\">Ya, en la madrugada de este viernes, D\u00edaz Mena sostuvo una segunda reuni\u00f3n con l\u00edderes de los profesores, encabezados por \u2060V\u00edctor Manuel Enr\u00edquez Cabrera, \u2060Jos\u00e9 Luis Mezquita, \u2060Jes\u00fas David Montoya N\u00e1jera, Gaspar Melchor Ortega Valdez, \u2060Mar\u00eda Eugenia Aranda Echeverr\u00eda y Jos\u00e9 Jacobo P\u00e9rez Chan, presentes en la marcha magisterial de un d\u00eda anterior.<\/p>\n<p class=\"nota-justify\">Las mesas de di\u00e1logo, que concluyeron a las 12:45 am., se acordaron tres acciones clave: establecer una mesa de di\u00e1logo permanente entre el gobierno estatal y el magisterio; realizar foros regionales para recoger las demandas y propuestas del sector educativo en todo el estado; y garantizar que no se aplicar\u00e1n descuentos salariales a las y los maestros que participaron en las recientes movilizaciones.<\/p>\n<p class=\"nota-justify\">Tambi\u00e9n se instruy\u00f3 al secretario estatal de Educaci\u00f3n, Juan Balam V\u00e1rguez, coordinar la organizaci\u00f3n de foros para escuchar sus voces y llevar sus preocupaciones al Gobierno de la presidenta Claudia Sheinbaum.<\/p>\n<p class=\"nota-justify\">En el marco de estas reuniones, tambi\u00e9n se celebr\u00f3 la reciente decisi\u00f3n de Sheinbaum Pardo de detener la iniciativa de la ley del Issste, lo cual fue recibido con benepl\u00e1cito por los representantes del magisterio estatal.<\/p>\n<p class=\"nota-justify\">No obstante, la marcha magisterial, prevista para este d\u00eda como parte de las 72 horas de paro nacional, debe celebrarse a cargo de dirigentes, identificados con la Coordinadora Nacional de Trabajadores de la Educaci\u00f3n (CNTE).<\/p>\n","protected":false},"excerpt":{"rendered":"<p>L\u00edderes del sector magisterial y el gobierno de Yucat\u00e1n alcanzaron la madrugada de este viernes tres principales acuerdos: mesas de<\/p>\n","protected":false},"author":4,"featured_media":52867,"comment_status":"closed","ping_status":"closed","sticky":false,"template":"","format":"standard","meta":{"colormag_page_container_layout":"default_layout","colormag_page_sidebar_layout":"default_layout","_jetpack_memberships_contains_paid_content":false,"footnotes":"","jetpack_publicize_message":"","jetpack_publicize_feature_enabled":true,"jetpack_social_post_already_shared":true,"jetpack_social_options":{"image_generator_settings":{"template":"highway","default_image_id":0,"font":"","enabled":false},"version":2}},"categories":[145],"tags":[],"class_list":["post-52866","post","type-post","status-publish","format-standard","has-post-thumbnail","hentry","category-estados"],"jetpack_publicize_connections":[],"jetpack_featured_media_url":"https:\/\/noticiasveracruz.com\/wp-content\/uploads\/2025\/03\/CN.jpg","jetpack_sharing_enabled":true,"publishpress_future_action":{"enabled":false,"date":"2026-05-08 01:50:11","action":"change-status","newStatus":"draft","terms":[],"taxonomy":"category","extraData":[]},"publishpress_future_workflow_manual_trigger":{"enabledWorkflows":[]},"_links":{"self":[{"href":"https:\/\/noticiasveracruz.com\/index.php\/wp-json\/wp\/v2\/posts\/52866","targetHints":{"allow":["GET"]}}],"collection":[{"href":"https:\/\/noticiasveracruz.com\/index.php\/wp-json\/wp\/v2\/posts"}],"about":[{"href":"https:\/\/noticiasveracruz.com\/index.php\/wp-json\/wp\/v2\/types\/post"}],"author":[{"embeddable":true,"href":"https:\/\/noticiasveracruz.com\/index.php\/wp-json\/wp\/v2\/users\/4"}],"replies":[{"embeddable":true,"href":"https:\/\/noticiasveracruz.com\/index.php\/wp-json\/wp\/v2\/comments?post=52866"}],"version-history":[{"count":0,"href":"https:\/\/noticiasveracruz.com\/index.php\/wp-json\/wp\/v2\/posts\/52866\/revisions"}],"wp:featuredmedia":[{"embeddable":true,"href":"https:\/\/noticiasveracruz.com\/index.php\/wp-json\/wp\/v2\/media\/52867"}],"wp:attachment":[{"href":"https:\/\/noticiasveracruz.com\/index.php\/wp-json\/wp\/v2\/media?parent=52866"}],"wp:term":[{"taxonomy":"category","embeddable":true,"href":"https:\/\/noticiasveracruz.com\/index.php\/wp-json\/wp\/v2\/categories?post=52866"},{"taxonomy":"post_tag","embeddable":true,"href":"https:\/\/noticiasveracruz.com\/index.php\/wp-json\/wp\/v2\/tags?post=52866"}],"curies":[{"name":"wp","href":"https:\/\/api.w.org\/{rel}","templated":true}]}}