{"id":52860,"date":"2025-03-22T00:13:54","date_gmt":"2025-03-22T06:13:54","guid":{"rendered":"https:\/\/noticiasveracruz.com\/?p=52860"},"modified":"2025-03-21T20:44:52","modified_gmt":"2025-03-22T02:44:52","slug":"miles-de-visitantes-llegan-a-tajin-para-celebrar-el-equinoccio-de-primavera","status":"publish","type":"post","link":"https:\/\/noticiasveracruz.com\/index.php\/2025\/03\/22\/miles-de-visitantes-llegan-a-tajin-para-celebrar-el-equinoccio-de-primavera\/","title":{"rendered":"Miles de visitantes llegan a Taj\u00edn para celebrar el equinoccio de primavera"},"content":{"rendered":"<p class=\"nota-justify\">Miles de personas provenientes de todas partes del pa\u00eds, e incluso extranjeros, han llegado al Taj\u00edn, en la zona norte del estado de Veracruz, para celebrar el equinoccio de primavera.<\/p>\n<p class=\"nota-justify\">Con el eje central en las comunidades ind\u00edgenas del Totonacapan, como cada a\u00f1o, se realiza la Cumbre Taj\u00edn, un festival cultural que une las tradiciones y los saberes ancestrales con expresiones art\u00edsticas y conciertos contempor\u00e1neos.<\/p>\n<p class=\"nota-justify\">De acuerdo con cifras del gobierno del estado de Veracruz, se han recibido m\u00e1s de 40 mil visitantes, en los \u00faltimos d\u00edas, a la zona arqueol\u00f3gica de Taj\u00edn y al parque Tem\u00e1tico Takilhsukut donde se realizan diversos rituales y ense\u00f1anzas.<\/p>\n<p class=\"nota-justify\">Entre las pir\u00e1mides que se alzan en la regi\u00f3n del Totonacapan, como ya es tradici\u00f3n, las ceremonias y creencias se entremezclan para recibir al fen\u00f3meno astron\u00f3mico en el que el d\u00eda y la noche tienen casi la misma duraci\u00f3n.<\/p>\n<p class=\"nota-justify\">En b\u00fasqueda de renovar energ\u00edas, y para recibir una nueva estacionalidad clim\u00e1tica, decenas de personas visten de blanco, portan cristales, oran y se realizan \u201climpias\u201d, mientras que otros disfrutan de los rituales ind\u00edgenas propios de la zona.<\/p>\n<p class=\"nota-justify\">En estas fechas, una de las ceremonias que se realiza es la danza de los voladores de Papantla, donde cinco personas suben a lo alto de una estructura y al ritmo de la m\u00fasica tradicional descienden colgados de una cuerda, desafiando la gravedad.<\/p>\n<p class=\"nota-justify\">Dicha ceremonia ritual se encuentra inscrita desde 2009 en la Lista Representativa del Patrimonio Cultural Inmaterial de la Humanidad de la Unesco y expresa la conexi\u00f3n con la naturaleza y el universo espiritual.<\/p>\n<p class=\"nota-justify\">Los asistentes tambi\u00e9n participan de diversos talleres, impartidos en su mayor\u00eda por habitantes ind\u00edgenas de la zona, en los que se comparten saberes como la pintura con tintes naturales extra\u00eddos de plantas end\u00e9micas, elaboraci\u00f3n de piezas de barro y de pulseras con semillas; as\u00ed como tambi\u00e9n se imparten clases de la lengua nativa.<\/p>\n","protected":false},"excerpt":{"rendered":"<p>Miles de personas provenientes de todas partes del pa\u00eds, e incluso extranjeros, han llegado al Taj\u00edn, en la zona norte<\/p>\n","protected":false},"author":4,"featured_media":52861,"comment_status":"closed","ping_status":"closed","sticky":false,"template":"","format":"standard","meta":{"colormag_page_container_layout":"default_layout","colormag_page_sidebar_layout":"default_layout","_jetpack_memberships_contains_paid_content":false,"footnotes":"","jetpack_publicize_message":"","jetpack_publicize_feature_enabled":true,"jetpack_social_post_already_shared":true,"jetpack_social_options":{"image_generator_settings":{"template":"highway","default_image_id":0,"font":"","enabled":false},"version":2}},"categories":[145],"tags":[],"class_list":["post-52860","post","type-post","status-publish","format-standard","has-post-thumbnail","hentry","category-estados"],"jetpack_publicize_connections":[],"jetpack_featured_media_url":"https:\/\/noticiasveracruz.com\/wp-content\/uploads\/2025\/03\/CT.jpg","jetpack_sharing_enabled":true,"publishpress_future_action":{"enabled":false,"date":"2026-05-08 03:59:34","action":"change-status","newStatus":"draft","terms":[],"taxonomy":"category","extraData":[]},"publishpress_future_workflow_manual_trigger":{"enabledWorkflows":[]},"_links":{"self":[{"href":"https:\/\/noticiasveracruz.com\/index.php\/wp-json\/wp\/v2\/posts\/52860","targetHints":{"allow":["GET"]}}],"collection":[{"href":"https:\/\/noticiasveracruz.com\/index.php\/wp-json\/wp\/v2\/posts"}],"about":[{"href":"https:\/\/noticiasveracruz.com\/index.php\/wp-json\/wp\/v2\/types\/post"}],"author":[{"embeddable":true,"href":"https:\/\/noticiasveracruz.com\/index.php\/wp-json\/wp\/v2\/users\/4"}],"replies":[{"embeddable":true,"href":"https:\/\/noticiasveracruz.com\/index.php\/wp-json\/wp\/v2\/comments?post=52860"}],"version-history":[{"count":0,"href":"https:\/\/noticiasveracruz.com\/index.php\/wp-json\/wp\/v2\/posts\/52860\/revisions"}],"wp:featuredmedia":[{"embeddable":true,"href":"https:\/\/noticiasveracruz.com\/index.php\/wp-json\/wp\/v2\/media\/52861"}],"wp:attachment":[{"href":"https:\/\/noticiasveracruz.com\/index.php\/wp-json\/wp\/v2\/media?parent=52860"}],"wp:term":[{"taxonomy":"category","embeddable":true,"href":"https:\/\/noticiasveracruz.com\/index.php\/wp-json\/wp\/v2\/categories?post=52860"},{"taxonomy":"post_tag","embeddable":true,"href":"https:\/\/noticiasveracruz.com\/index.php\/wp-json\/wp\/v2\/tags?post=52860"}],"curies":[{"name":"wp","href":"https:\/\/api.w.org\/{rel}","templated":true}]}}