{"id":52857,"date":"2025-03-22T00:12:28","date_gmt":"2025-03-22T06:12:28","guid":{"rendered":"https:\/\/noticiasveracruz.com\/?p=52857"},"modified":"2025-03-21T20:32:44","modified_gmt":"2025-03-22T02:32:44","slug":"con-nuevo-marco-legal-cfe-lista-para-detonar-el-desarrollo-del-pais","status":"publish","type":"post","link":"https:\/\/noticiasveracruz.com\/index.php\/2025\/03\/22\/con-nuevo-marco-legal-cfe-lista-para-detonar-el-desarrollo-del-pais\/","title":{"rendered":"Con nuevo marco legal, CFE lista para detonar el desarrollo del pa\u00eds"},"content":{"rendered":"<p class=\"nota-justify\">La Comisi\u00f3n Federal de Electricidad (CFE) est\u00e1 preparada para detonar el desarrollo del pa\u00eds bajo el principio fundamental de justicia energ\u00e9tica, se\u00f1al\u00f3 la empresa estatal.<\/p>\n<p class=\"nota-justify\">Ante la publicaci\u00f3n de la Ley de la Empresa P\u00fablica del Estado CFE, indic\u00f3 que en los primeros seis meses del gobierno de la presidenta Claudia Sheinbaum Pardo y bajo la direcci\u00f3n de Emilia Calleja Alor, se han puesto en pr\u00e1ctica acciones estrat\u00e9gicas para eficientar el aprovechamiento de recursos.<\/p>\n<p class=\"nota-justify\">En ese sentido, abund\u00f3 que se ha avanzado en la transici\u00f3n a energ\u00edas limpias con un incremento del 24 por ciento en la generaci\u00f3n hidroel\u00e9ctrica, mientras que la generaci\u00f3n el\u00e9ctrica con carb\u00f3n se ha reducido 5 por ciento en comparaci\u00f3n con el primer trimestre del a\u00f1o anterior.<\/p>\n<p class=\"nota-justify\">En total, la generaci\u00f3n de energ\u00eda limpia de CFE pas\u00f3 de 23.4 a 28.6 por ciento, con lo que la empresa p\u00fablica refrend\u00f3 su \u201ccompromiso con el medio ambiente\u201d.<\/p>\n<p class=\"nota-justify\">Adem\u00e1s, las emisiones de di\u00f3xido de carbono (CO2) a la atm\u00f3sfera han disminuido 7 por ciento, debido a la reducci\u00f3n en el uso de combustibles como el combust\u00f3leo y di\u00e9sel.<\/p>\n<p class=\"nota-justify\">La compa\u00f1\u00eda el\u00e9ctrica del Estado mexicano resalt\u00f3 que se recuperaron mil 623 megawatts de capacidad degradada, mediante la realizaci\u00f3n de<\/p>\n<p class=\"nota-justify\">425 mantenimientos de unidades del proceso termoel\u00e9ctrico.<\/p>\n<p class=\"nota-justify\">Despu\u00e9s de recordar que se inaugur\u00f3 la nueva Central de Ciclo Combinado Salamanca, con capacidad de 927 megawatts, resalt\u00f3 que el Consejo de Administraci\u00f3n aprob\u00f3 cinco nuevos proyectos del Plan de Fortalecimiento y Expansi\u00f3n del Sistema El\u00e9ctrico Nacional 2025 &#8211; 2030. Estas obras representan una inversi\u00f3n de alrededor de 2 mil 589 millones de d\u00f3lares y agregar\u00e1n m\u00e1s de 2 mil 700 megawatts.<\/p>\n<p class=\"nota-justify\">Aunado a lo anterior, la CFE subray\u00f3 que se fortalece y diversifica la infraestructura de generaci\u00f3n, con lo se refuerzan sus niveles de disponibilidad durante eventos de emergencia y restricci\u00f3n de combustibles.<\/p>\n<p class=\"nota-justify\">La empresa estatal indic\u00f3 que todas estas acciones realizadas refrendan el compromiso hist\u00f3rico social de la CFE, la cual qued\u00f3 establecida en la nueva legislaci\u00f3n como un mandato.<\/p>\n<p class=\"nota-justify\">La empresa estatal garantizar la continuidad, accesibilidad, seguridad y confiabilidad del servicio p\u00fablico de electricidad.<\/p>\n","protected":false},"excerpt":{"rendered":"<p>La Comisi\u00f3n Federal de Electricidad (CFE) est\u00e1 preparada para detonar el desarrollo del pa\u00eds bajo el principio fundamental de justicia<\/p>\n","protected":false},"author":4,"featured_media":52858,"comment_status":"closed","ping_status":"closed","sticky":false,"template":"","format":"standard","meta":{"colormag_page_container_layout":"default_layout","colormag_page_sidebar_layout":"default_layout","_jetpack_memberships_contains_paid_content":false,"footnotes":"","jetpack_publicize_message":"","jetpack_publicize_feature_enabled":true,"jetpack_social_post_already_shared":true,"jetpack_social_options":{"image_generator_settings":{"template":"highway","default_image_id":0,"font":"","enabled":false},"version":2}},"categories":[1947],"tags":[],"class_list":["post-52857","post","type-post","status-publish","format-standard","has-post-thumbnail","hentry","category-economia"],"jetpack_publicize_connections":[],"jetpack_featured_media_url":"https:\/\/noticiasveracruz.com\/wp-content\/uploads\/2025\/03\/cfe-deuda.jpg","jetpack_sharing_enabled":true,"publishpress_future_action":{"enabled":false,"date":"2026-05-08 04:54:29","action":"change-status","newStatus":"draft","terms":[],"taxonomy":"category","extraData":[]},"publishpress_future_workflow_manual_trigger":{"enabledWorkflows":[]},"_links":{"self":[{"href":"https:\/\/noticiasveracruz.com\/index.php\/wp-json\/wp\/v2\/posts\/52857","targetHints":{"allow":["GET"]}}],"collection":[{"href":"https:\/\/noticiasveracruz.com\/index.php\/wp-json\/wp\/v2\/posts"}],"about":[{"href":"https:\/\/noticiasveracruz.com\/index.php\/wp-json\/wp\/v2\/types\/post"}],"author":[{"embeddable":true,"href":"https:\/\/noticiasveracruz.com\/index.php\/wp-json\/wp\/v2\/users\/4"}],"replies":[{"embeddable":true,"href":"https:\/\/noticiasveracruz.com\/index.php\/wp-json\/wp\/v2\/comments?post=52857"}],"version-history":[{"count":0,"href":"https:\/\/noticiasveracruz.com\/index.php\/wp-json\/wp\/v2\/posts\/52857\/revisions"}],"wp:featuredmedia":[{"embeddable":true,"href":"https:\/\/noticiasveracruz.com\/index.php\/wp-json\/wp\/v2\/media\/52858"}],"wp:attachment":[{"href":"https:\/\/noticiasveracruz.com\/index.php\/wp-json\/wp\/v2\/media?parent=52857"}],"wp:term":[{"taxonomy":"category","embeddable":true,"href":"https:\/\/noticiasveracruz.com\/index.php\/wp-json\/wp\/v2\/categories?post=52857"},{"taxonomy":"post_tag","embeddable":true,"href":"https:\/\/noticiasveracruz.com\/index.php\/wp-json\/wp\/v2\/tags?post=52857"}],"curies":[{"name":"wp","href":"https:\/\/api.w.org\/{rel}","templated":true}]}}