{"id":52851,"date":"2025-03-22T00:10:25","date_gmt":"2025-03-22T06:10:25","guid":{"rendered":"https:\/\/noticiasveracruz.com\/?p=52851"},"modified":"2025-03-21T20:19:26","modified_gmt":"2025-03-22T02:19:26","slug":"peso-se-deprecia-y-bmv-cierra-con-perdidas","status":"publish","type":"post","link":"https:\/\/noticiasveracruz.com\/index.php\/2025\/03\/22\/peso-se-deprecia-y-bmv-cierra-con-perdidas\/","title":{"rendered":"Peso se deprecia y BMV cierra con p\u00e9rdidas"},"content":{"rendered":"<p>Por un mayor sentimiento de aversi\u00f3n al riesgo\u00a0 generada entre los inversionistas por las tensiones<\/p>\n<p>comerciales actuales y cambios en los portafolios de inversi\u00f3n en los mercados globales, el peso concluy\u00f3 con una depreciaci\u00f3n 1.58 por ciento semanal, mientras que la Bolsa Mexicana de Valores (BMV) tambi\u00e9n cerr\u00f3 con p\u00e9rdidas.<\/p>\n<p>Al concluir la jornada, el d\u00f3lar spot, el cual se utiliza para operaciones de mayoreo, se cotiz\u00f3 en 20.2404 pesos, lo que se tradujo en una p\u00e9rdida de 31 centavos respecto al viernes 14 de marzo.<\/p>\n<p>Analistas de Monex explicaron que este comportamiento se debi\u00f3 a un mayor sentimiento de aversi\u00f3n al riesgo global. \u201cLos inversionistas contin\u00faan atentos al desarrollo del tema arancelario con Estados Unidos, adem\u00e1s de esperar la reuni\u00f3n de pol\u00edtica monetaria del Banco de M\u00e9xico (BdeM), donde contrasta la narrativa de recortes respecto a la de la Reserva Federal (FED), apuntando a un posible recorte de 50 puntos base\u201d, indicaron.<\/p>\n<p>El Centro de Estudios de las Finanzas P\u00fablicas Ifigenia Mart\u00ednez y Hern\u00e1ndez consider\u00f3 que esta percepci\u00f3n de riesgo se debe al impacto de las pol\u00edticas arancelarias de Estados Unidos y sus implicaciones en el comercio mundial.<\/p>\n<p>En el transcurso del viernes, el presidente de Estados Unidos mencion\u00f3 que habr\u00e1 \u201cflexibilidad\u201d en temas arancelarios, aunque se neg\u00f3 a considerar excepciones en los aranceles por aplicar.<\/p>\n<p>No obstante, tambi\u00e9n coincidi\u00f3 con los cambios en portafolios de inversi\u00f3n por el Triple Witching, es decir, expiraron contratos derivados de acciones, opciones sobre \u00edndices y futuros.<\/p>\n<p>En comparaci\u00f3n con el cierre del jueves, cuando el tipo de cambio se ubic\u00f3 en 20.1481 pesos, la moneda local perdi\u00f3 9 centavos, lo cual se tradujo en una depreciaci\u00f3n de 0.45 por ciento.<\/p>\n<p>No obstante, con el nivel reportado hasta este viernes, la moneda mexicana recuper\u00f3 33 centavos respecto al cierre del 28 de febrero, que fue de 20.5782 pesos por d\u00f3lar. Esto a\u00a0 su vez signific\u00f3 una apreciaci\u00f3n de 1.64 por ciento.<\/p>\n<p>Con el dato m\u00e1s reciente, la divisa local se apreci\u00f3 3.07 por ciento frente al nivel reportado el 31 de diciembre de 2024, que fue de 20.8829 pesos, es decir, se ha apreciado 64 centavos.<\/p>\n<p>Monex indic\u00f3 que para la sesi\u00f3n nocturna se espera que el tipo de cambio oscile en un rango entre 20.17 y 20.29 pesos por d\u00f3lar, considerando la tendencia actual y esperando novedades en el frente arancelario, ante una posible llamada entre Donald Trump y Xi Jinping, adem\u00e1s de las cifras de inflaci\u00f3n quincenales en M\u00e9xico el lunes.<\/p>\n<p>El \u00edndice S&amp;P\/BMV IPC de la Bolsa Mexicana de Valores (BMV) se ubic\u00f3 en 52 mil 672.42 unidades, lo que se tradujo en un retroceso de 0.81 por ciento frente a la jornada anterior, por el rebalanceo.<\/p>\n<p>No obstante, en su comparaci\u00f3n semanal cerr\u00f3 en terreno positivo, al avanzar 188 puntos o 0.35 por ciento.<\/p>\n<p>Banamex consider\u00f3 que el nivel observado del principal \u00edndice de la BMV no mostr\u00f3 se\u00f1ales de un cambio de tendencia.<\/p>\n","protected":false},"excerpt":{"rendered":"<p>Por un mayor sentimiento de aversi\u00f3n al riesgo\u00a0 generada entre los inversionistas por las tensiones comerciales actuales y cambios en<\/p>\n","protected":false},"author":4,"featured_media":52852,"comment_status":"closed","ping_status":"closed","sticky":false,"template":"","format":"standard","meta":{"colormag_page_container_layout":"default_layout","colormag_page_sidebar_layout":"default_layout","_jetpack_memberships_contains_paid_content":false,"footnotes":"","jetpack_publicize_message":"","jetpack_publicize_feature_enabled":true,"jetpack_social_post_already_shared":true,"jetpack_social_options":{"image_generator_settings":{"template":"highway","default_image_id":0,"font":"","enabled":false},"version":2}},"categories":[1947],"tags":[],"class_list":["post-52851","post","type-post","status-publish","format-standard","has-post-thumbnail","hentry","category-economia"],"jetpack_publicize_connections":[],"jetpack_featured_media_url":"https:\/\/noticiasveracruz.com\/wp-content\/uploads\/2025\/03\/bmv-1.jpg","jetpack_sharing_enabled":true,"publishpress_future_action":{"enabled":false,"date":"2026-05-08 05:41:12","action":"change-status","newStatus":"draft","terms":[],"taxonomy":"category","extraData":[]},"publishpress_future_workflow_manual_trigger":{"enabledWorkflows":[]},"_links":{"self":[{"href":"https:\/\/noticiasveracruz.com\/index.php\/wp-json\/wp\/v2\/posts\/52851","targetHints":{"allow":["GET"]}}],"collection":[{"href":"https:\/\/noticiasveracruz.com\/index.php\/wp-json\/wp\/v2\/posts"}],"about":[{"href":"https:\/\/noticiasveracruz.com\/index.php\/wp-json\/wp\/v2\/types\/post"}],"author":[{"embeddable":true,"href":"https:\/\/noticiasveracruz.com\/index.php\/wp-json\/wp\/v2\/users\/4"}],"replies":[{"embeddable":true,"href":"https:\/\/noticiasveracruz.com\/index.php\/wp-json\/wp\/v2\/comments?post=52851"}],"version-history":[{"count":0,"href":"https:\/\/noticiasveracruz.com\/index.php\/wp-json\/wp\/v2\/posts\/52851\/revisions"}],"wp:featuredmedia":[{"embeddable":true,"href":"https:\/\/noticiasveracruz.com\/index.php\/wp-json\/wp\/v2\/media\/52852"}],"wp:attachment":[{"href":"https:\/\/noticiasveracruz.com\/index.php\/wp-json\/wp\/v2\/media?parent=52851"}],"wp:term":[{"taxonomy":"category","embeddable":true,"href":"https:\/\/noticiasveracruz.com\/index.php\/wp-json\/wp\/v2\/categories?post=52851"},{"taxonomy":"post_tag","embeddable":true,"href":"https:\/\/noticiasveracruz.com\/index.php\/wp-json\/wp\/v2\/tags?post=52851"}],"curies":[{"name":"wp","href":"https:\/\/api.w.org\/{rel}","templated":true}]}}