{"id":52830,"date":"2025-03-22T00:03:05","date_gmt":"2025-03-22T06:03:05","guid":{"rendered":"https:\/\/noticiasveracruz.com\/?p=52830"},"modified":"2025-03-21T19:57:44","modified_gmt":"2025-03-22T01:57:44","slug":"la-secver-invita-a-los-talleres-que-ofrece-cumbre","status":"publish","type":"post","link":"https:\/\/noticiasveracruz.com\/index.php\/2025\/03\/22\/la-secver-invita-a-los-talleres-que-ofrece-cumbre\/","title":{"rendered":"La SECVER invita a los talleres que ofrece Cumbre"},"content":{"rendered":"<p>La Secretar\u00eda de Cultura de Veracruz (SECVER) invita al p\u00fablico en general, as\u00ed como a grupos escolares, familias y turistas que visiten el Parque Tem\u00e1tico Takilhsukut, a participar en los talleres de Cumbre Taj\u00edn, Tachan\u00e1n, la siembra para el mundo, que se llevar\u00e1n a cabo hasta el 23 de marzo.<\/p>\n<p>Durante su visita, los asistentes podr\u00e1n aprender en las distintas casas y escuelas que forman parte del Centro de Artes Ind\u00edgenas (CAI), adem\u00e1s de en los espacios impulsados por la Direcci\u00f3n de Formaci\u00f3n y Desarrollo Art\u00edstico de la SECVER.<\/p>\n<p>El CAI ofrece talleres de bordado en la Casa Mundo del Algod\u00f3n. Tambi\u00e9n se impartir\u00e1 un taller de pintura con tintes naturales extra\u00eddos de plantas end\u00e9micas en la Casa de la Pintura.<\/p>\n<p>Asimismo, los participantes podr\u00e1n elaborar piezas de barro en la Casa de la Alfarer\u00eda, crear pulseras con semillas en la Casa de la Madre Tierra y aprender la lengua nativa en la Casa de la Palabra Florida.<\/p>\n<p>Por su parte, la Direcci\u00f3n de Formaci\u00f3n y Desarrollo Art\u00edstico ha preparado diversos talleres, entre ellos, la elaboraci\u00f3n de flores de totomoxtle, mu\u00f1ecos de cera, artesan\u00edas con semillas y burritos de olote.<\/p>\n<p>El programa incluye una serie de actividades de promoci\u00f3n del libro y la lectura, con talleres de escritura y lectura en lengua totonaca, lecturas en voz alta de leyendas de la regi\u00f3n, narraciones orales y pintura. Adem\u00e1s, presentaciones editoriales y activaciones con m\u00fasica y artes circenses.<\/p>\n<p>La SECVER trabaja #PorAmorAVeracruz y reitera su invitaci\u00f3n para sumarse a los talleres del festival que se impartir\u00e1n hasta el domingo 23 de marzo en Papantla.<\/p>\n","protected":false},"excerpt":{"rendered":"<p>La Secretar\u00eda de Cultura de Veracruz (SECVER) invita al p\u00fablico en general, as\u00ed como a grupos escolares, familias y turistas<\/p>\n","protected":false},"author":4,"featured_media":52831,"comment_status":"closed","ping_status":"closed","sticky":false,"template":"","format":"standard","meta":{"colormag_page_container_layout":"default_layout","colormag_page_sidebar_layout":"default_layout","_jetpack_memberships_contains_paid_content":false,"footnotes":"","jetpack_publicize_message":"","jetpack_publicize_feature_enabled":true,"jetpack_social_post_already_shared":true,"jetpack_social_options":{"image_generator_settings":{"template":"highway","default_image_id":0,"font":"","enabled":false},"version":2}},"categories":[356],"tags":[],"class_list":["post-52830","post","type-post","status-publish","format-standard","has-post-thumbnail","hentry","category-veracruz"],"jetpack_publicize_connections":[],"jetpack_featured_media_url":"https:\/\/noticiasveracruz.com\/wp-content\/uploads\/2025\/03\/9c1-2.jpg","jetpack_sharing_enabled":true,"publishpress_future_action":{"enabled":false,"date":"2026-05-08 05:05:10","action":"change-status","newStatus":"draft","terms":[],"taxonomy":"category","extraData":[]},"publishpress_future_workflow_manual_trigger":{"enabledWorkflows":[]},"_links":{"self":[{"href":"https:\/\/noticiasveracruz.com\/index.php\/wp-json\/wp\/v2\/posts\/52830","targetHints":{"allow":["GET"]}}],"collection":[{"href":"https:\/\/noticiasveracruz.com\/index.php\/wp-json\/wp\/v2\/posts"}],"about":[{"href":"https:\/\/noticiasveracruz.com\/index.php\/wp-json\/wp\/v2\/types\/post"}],"author":[{"embeddable":true,"href":"https:\/\/noticiasveracruz.com\/index.php\/wp-json\/wp\/v2\/users\/4"}],"replies":[{"embeddable":true,"href":"https:\/\/noticiasveracruz.com\/index.php\/wp-json\/wp\/v2\/comments?post=52830"}],"version-history":[{"count":0,"href":"https:\/\/noticiasveracruz.com\/index.php\/wp-json\/wp\/v2\/posts\/52830\/revisions"}],"wp:featuredmedia":[{"embeddable":true,"href":"https:\/\/noticiasveracruz.com\/index.php\/wp-json\/wp\/v2\/media\/52831"}],"wp:attachment":[{"href":"https:\/\/noticiasveracruz.com\/index.php\/wp-json\/wp\/v2\/media?parent=52830"}],"wp:term":[{"taxonomy":"category","embeddable":true,"href":"https:\/\/noticiasveracruz.com\/index.php\/wp-json\/wp\/v2\/categories?post=52830"},{"taxonomy":"post_tag","embeddable":true,"href":"https:\/\/noticiasveracruz.com\/index.php\/wp-json\/wp\/v2\/tags?post=52830"}],"curies":[{"name":"wp","href":"https:\/\/api.w.org\/{rel}","templated":true}]}}