{"id":52827,"date":"2025-03-22T00:02:12","date_gmt":"2025-03-22T06:02:12","guid":{"rendered":"https:\/\/noticiasveracruz.com\/?p=52827"},"modified":"2025-03-21T19:56:53","modified_gmt":"2025-03-22T01:56:53","slug":"ct-motor-de-identidad-y-desarrollo-en-veracruz","status":"publish","type":"post","link":"https:\/\/noticiasveracruz.com\/index.php\/2025\/03\/22\/ct-motor-de-identidad-y-desarrollo-en-veracruz\/","title":{"rendered":"CT motor de identidad y desarrollo en Veracruz"},"content":{"rendered":"<p>La gobernadora Roc\u00edo Nahle Garc\u00eda destac\u00f3 el \u00e9xito de Cumbre Taj\u00edn como un espacio que honra la identidad y las tradiciones totonacas, adem\u00e1s de resaltar la importancia de preservar el legado de los pueblos originarios.<\/p>\n<p>Inform\u00f3 que la noche del jueves, 20 mil personas asistieron al concierto de Ed\u00e9n Mu\u00f1oz, sumando un total de 40 mil visitantes en la jornada; asimismo, la secretaria de Turismo de M\u00e9xico, Josefina Rodr\u00edguez Zamora, recorri\u00f3 el Parque Tem\u00e1tico Takilhsukut y reafirm\u00f3 la relevancia del festival como una plataforma para promover la cultura y el turismo.<\/p>\n<p>Esto, no solo impulsa la difusi\u00f3n de la cultura totonaca, sino que tambi\u00e9n fortalece la econom\u00eda local, ya que comercios, prestadores de servicios y artesanos han reportado alta demanda, reflejando su impacto en la regi\u00f3n, se\u00f1al\u00f3 en entrevista radiof\u00f3nica.<\/p>\n<p>La Gobernadora invit\u00f3 a la ciudadan\u00eda a participar en la clausura del evento, que se llevar\u00e1 a cabo el domingo y contar\u00e1 con la presentaci\u00f3n de la Orquesta Sinf\u00f3nica de Xalapa y la soprano Olivia Gorra, adem\u00e1s del espect\u00e1culo del cantante colombiano Alberto Barros.<\/p>\n<p>Reiter\u00f3 el compromiso de su administraci\u00f3n con la educaci\u00f3n y el desarrollo social, destacando la apertura de universidades y el otorgamiento de becas para reducir la deserci\u00f3n escolar; tambi\u00e9n enfatiz\u00f3 que la inversi\u00f3n en cultura es clave para fortalecer la identidad y los valores sociales.<\/p>\n<p>Cumbre Taj\u00edn es un espacio de aprendizaje y difusi\u00f3n del patrimonio veracruzano y con m\u00e1s de 190 actividades gratuitas, que incluyen talleres de alfarer\u00eda, pintura y gastronom\u00eda tradicional, acerca a las nuevas generaciones a sus ra\u00edces.<\/p>\n","protected":false},"excerpt":{"rendered":"<p>La gobernadora Roc\u00edo Nahle Garc\u00eda destac\u00f3 el \u00e9xito de Cumbre Taj\u00edn como un espacio que honra la identidad y las<\/p>\n","protected":false},"author":4,"featured_media":52828,"comment_status":"closed","ping_status":"closed","sticky":false,"template":"","format":"standard","meta":{"colormag_page_container_layout":"default_layout","colormag_page_sidebar_layout":"default_layout","_jetpack_memberships_contains_paid_content":false,"footnotes":"","jetpack_publicize_message":"","jetpack_publicize_feature_enabled":true,"jetpack_social_post_already_shared":true,"jetpack_social_options":{"image_generator_settings":{"template":"highway","default_image_id":0,"font":"","enabled":false},"version":2}},"categories":[356],"tags":[],"class_list":["post-52827","post","type-post","status-publish","format-standard","has-post-thumbnail","hentry","category-veracruz"],"jetpack_publicize_connections":[],"jetpack_featured_media_url":"https:\/\/noticiasveracruz.com\/wp-content\/uploads\/2025\/03\/9b-9.jpg","jetpack_sharing_enabled":true,"publishpress_future_action":{"enabled":false,"date":"2026-05-08 04:14:26","action":"change-status","newStatus":"draft","terms":[],"taxonomy":"category","extraData":[]},"publishpress_future_workflow_manual_trigger":{"enabledWorkflows":[]},"_links":{"self":[{"href":"https:\/\/noticiasveracruz.com\/index.php\/wp-json\/wp\/v2\/posts\/52827","targetHints":{"allow":["GET"]}}],"collection":[{"href":"https:\/\/noticiasveracruz.com\/index.php\/wp-json\/wp\/v2\/posts"}],"about":[{"href":"https:\/\/noticiasveracruz.com\/index.php\/wp-json\/wp\/v2\/types\/post"}],"author":[{"embeddable":true,"href":"https:\/\/noticiasveracruz.com\/index.php\/wp-json\/wp\/v2\/users\/4"}],"replies":[{"embeddable":true,"href":"https:\/\/noticiasveracruz.com\/index.php\/wp-json\/wp\/v2\/comments?post=52827"}],"version-history":[{"count":0,"href":"https:\/\/noticiasveracruz.com\/index.php\/wp-json\/wp\/v2\/posts\/52827\/revisions"}],"wp:featuredmedia":[{"embeddable":true,"href":"https:\/\/noticiasveracruz.com\/index.php\/wp-json\/wp\/v2\/media\/52828"}],"wp:attachment":[{"href":"https:\/\/noticiasveracruz.com\/index.php\/wp-json\/wp\/v2\/media?parent=52827"}],"wp:term":[{"taxonomy":"category","embeddable":true,"href":"https:\/\/noticiasveracruz.com\/index.php\/wp-json\/wp\/v2\/categories?post=52827"},{"taxonomy":"post_tag","embeddable":true,"href":"https:\/\/noticiasveracruz.com\/index.php\/wp-json\/wp\/v2\/tags?post=52827"}],"curies":[{"name":"wp","href":"https:\/\/api.w.org\/{rel}","templated":true}]}}