{"id":52788,"date":"2025-03-21T01:29:30","date_gmt":"2025-03-21T07:29:30","guid":{"rendered":"https:\/\/noticiasveracruz.com\/?p=52788"},"modified":"2025-03-21T01:29:30","modified_gmt":"2025-03-21T07:29:30","slug":"dirigente-de-nueva-alianza-en-oaxaca-denuncia-atentado-en-su-contra","status":"publish","type":"post","link":"https:\/\/noticiasveracruz.com\/index.php\/2025\/03\/21\/dirigente-de-nueva-alianza-en-oaxaca-denuncia-atentado-en-su-contra\/","title":{"rendered":"Dirigente de Nueva Alianza en Oaxaca denuncia atentado en su contra"},"content":{"rendered":"<p>Bersah\u00edn L\u00f3pez L\u00f3pez, dirigente estatal del Partido Nueva Alianza, reiter\u00f3 este jueves que fue un atentado el que sufri\u00f3 el pasado mi\u00e9rcoles, en el que 6 sujetos lo atacaron a \u00e9l y su hijo menor de edad. Indic\u00f3 que ya interpuso la denuncia ante la Fiscal\u00eda General del Estado (FGE), en la que se\u00f1ala directamente al presunto autor intelectual de esta agresi\u00f3n, quien asegura presume ser funcionario estatal y tener nexos en la fiscal\u00eda y en la Secretar\u00eda de Seguridad y Protecci\u00f3n Ciudadana.<\/p>\n<p>Acompa\u00f1ado de su esposa, Paloma Fuente Villa y de Antonio Migoni, coordinador estatal de j\u00f3venes del Panal, indic\u00f3 que ya ha presentado formalmente la denuncia por diversos delitos, entre ellos intento de homicidio en su contra y de su hijo de 8 a\u00f1os, para ello dijo, ha se\u00f1alado directamente a quien considera como la persona responsable de estos actos.<\/p>\n<p>Al considerar que se trata de un posible hecho de extorsi\u00f3n, refiri\u00f3 que los seis agresores mencionaron el nombre de quien los hab\u00eda enviado a agredirlo, a\u00f1adi\u00f3 que esto se trat\u00f3 de un intento ser secuestro, sin embargo, debido a la camioneta de los agresores se impact\u00f3 contra la suya, las puertas se trabaron y eso les quit\u00f3 tiempo necesario para esa acci\u00f3n.<\/p>\n<p>L\u00f3pez L\u00f3pez inform\u00f3 que tambi\u00e9n ha presentado un oficio al gobernador, Salom\u00f3n Jara Cruz, en el que le informa acerca del ataque y la presunta autora intelectual de estos hechos; indic\u00f3 que esta persona ha se\u00f1alado ser funcionario del gobierno estatal, adem\u00e1s de tener grandes influencias en la SSyPC y en la FGE.<\/p>\n<p>Ante ello, llam\u00f3 al gobernador para que explique su relaci\u00f3n con la supuesta funcionaria, que defina si forma parte de su administraci\u00f3n o no, porque adem\u00e1s se ha autoproclamado como protegida del secretario de Gobierno, Jes\u00fas Romero.<\/p>\n<p>Puntualiz\u00f3 que es necesario que se haga una investigaci\u00f3n a fondo del ataque armado en el que no solo peligr\u00f3 su vida, sino tambi\u00e9n la de su hijo y que se deslinden responsabilidades, pero sobre todo que se castigue a todos los responsables de esta agresi\u00f3n.<\/p>\n","protected":false},"excerpt":{"rendered":"<p>Bersah\u00edn L\u00f3pez L\u00f3pez, dirigente estatal del Partido Nueva Alianza, reiter\u00f3 este jueves que fue un atentado el que sufri\u00f3 el<\/p>\n","protected":false},"author":4,"featured_media":52789,"comment_status":"closed","ping_status":"closed","sticky":false,"template":"","format":"standard","meta":{"colormag_page_container_layout":"default_layout","colormag_page_sidebar_layout":"default_layout","_jetpack_memberships_contains_paid_content":false,"footnotes":"","jetpack_publicize_message":"","jetpack_publicize_feature_enabled":true,"jetpack_social_post_already_shared":true,"jetpack_social_options":{"image_generator_settings":{"template":"highway","default_image_id":0,"font":"","enabled":false},"version":2}},"categories":[145],"tags":[],"class_list":["post-52788","post","type-post","status-publish","format-standard","has-post-thumbnail","hentry","category-estados"],"jetpack_publicize_connections":[],"jetpack_featured_media_url":"https:\/\/noticiasveracruz.com\/wp-content\/uploads\/2025\/03\/OAX-1.jpg","jetpack_sharing_enabled":true,"publishpress_future_action":{"enabled":false,"date":"2026-05-10 03:44:22","action":"change-status","newStatus":"draft","terms":[],"taxonomy":"category","extraData":[]},"publishpress_future_workflow_manual_trigger":{"enabledWorkflows":[]},"_links":{"self":[{"href":"https:\/\/noticiasveracruz.com\/index.php\/wp-json\/wp\/v2\/posts\/52788","targetHints":{"allow":["GET"]}}],"collection":[{"href":"https:\/\/noticiasveracruz.com\/index.php\/wp-json\/wp\/v2\/posts"}],"about":[{"href":"https:\/\/noticiasveracruz.com\/index.php\/wp-json\/wp\/v2\/types\/post"}],"author":[{"embeddable":true,"href":"https:\/\/noticiasveracruz.com\/index.php\/wp-json\/wp\/v2\/users\/4"}],"replies":[{"embeddable":true,"href":"https:\/\/noticiasveracruz.com\/index.php\/wp-json\/wp\/v2\/comments?post=52788"}],"version-history":[{"count":0,"href":"https:\/\/noticiasveracruz.com\/index.php\/wp-json\/wp\/v2\/posts\/52788\/revisions"}],"wp:featuredmedia":[{"embeddable":true,"href":"https:\/\/noticiasveracruz.com\/index.php\/wp-json\/wp\/v2\/media\/52789"}],"wp:attachment":[{"href":"https:\/\/noticiasveracruz.com\/index.php\/wp-json\/wp\/v2\/media?parent=52788"}],"wp:term":[{"taxonomy":"category","embeddable":true,"href":"https:\/\/noticiasveracruz.com\/index.php\/wp-json\/wp\/v2\/categories?post=52788"},{"taxonomy":"post_tag","embeddable":true,"href":"https:\/\/noticiasveracruz.com\/index.php\/wp-json\/wp\/v2\/tags?post=52788"}],"curies":[{"name":"wp","href":"https:\/\/api.w.org\/{rel}","templated":true}]}}