{"id":52782,"date":"2025-03-21T01:26:19","date_gmt":"2025-03-21T07:26:19","guid":{"rendered":"https:\/\/noticiasveracruz.com\/?p=52782"},"modified":"2025-03-21T01:26:19","modified_gmt":"2025-03-21T07:26:19","slug":"ue-retrasa-aplicacion-de-contramedidas-a-estados-unidos","status":"publish","type":"post","link":"https:\/\/noticiasveracruz.com\/index.php\/2025\/03\/21\/ue-retrasa-aplicacion-de-contramedidas-a-estados-unidos\/","title":{"rendered":"UE retrasa aplicaci\u00f3n de contramedidas a Estados Unidos"},"content":{"rendered":"<p class=\"nota-justify\">La Uni\u00f3n Europea (UE) decidi\u00f3 retrasar sus primeras medidas contra Estados Unidos en respuesta a los aranceles al acero y al aluminio del presidente Donald Trump hasta mediados de abril, lo que permite reestudiar qu\u00e9 bienes se incluir\u00e1n y ofrecer unas semanas m\u00e1s para las negociaciones.<\/p>\n<p class=\"nota-justify\">La Comisi\u00f3n Europea hab\u00eda propuesto volver a imponer aranceles a cuatro mil 500 millones de euros (cuatro mil 900 millones de d\u00f3lares) en productos estadunidenses el 1 de abril, seguidos de otros 18 mil millones de euros el 13 de abril.<\/p>\n<p class=\"nota-justify\">\u201cAhora estamos considerando alinear el calendario de las dos series de contramedidas de la UE para poder consultar con los Estados miembros ambas listas simult\u00e1neamente y esto tambi\u00e9n nos dar\u00eda m\u00e1s tiempo para las negociaciones con nuestros socios estadunidenses\u201d, dijo el jueves el comisario europeo de Comercio, Maros Sefcovic, en una audiencia en el Parlamento Europeo.<\/p>\n<p class=\"nota-justify\">Posteriormente, la Comisi\u00f3n confirm\u00f3 que todas las contramedidas de la UE entrar\u00edan en vigor a mediados de abril.<\/p>\n<p class=\"nota-justify\">El primer conjunto de contramedidas de la UE incluye la aplicaci\u00f3n de un arancel de 50 por ciento al whisky borb\u00f3n estadunidense. Trump amenaz\u00f3 con imponer un arancel de 200 por ciento a todos los vinos y otros productos alcoh\u00f3licos procedentes de la UE si el bloque segu\u00eda adelante con esta medida.<\/p>\n<p class=\"nota-justify\">El gobierno de Trump tambi\u00e9n planea nuevos aranceles \u201crec\u00edprocos\u201d que entrar\u00e1n en vigor el 2 de abril con el fin de reequilibrar el sistema de comercio mundial.<\/p>\n<p class=\"nota-justify\">Sefcovic indic\u00f3 que hasta ahora hab\u00eda logrado avances limitados con sus hom\u00f3logos estadunidenses en las conversaciones, como en su propuesta de debatir sobre la reducci\u00f3n de los aranceles a la importaci\u00f3n de bienes industriales.<\/p>\n<p class=\"nota-justify\">\u201cNo creo que Estados Unidos est\u00e9 pensando en esa direcci\u00f3n\u201d, dijo, y a\u00f1adi\u00f3 que su prioridad parec\u00eda ser atraer inversiones y reindustrializarse.<\/p>\n<p class=\"nota-justify\">\u201cY actualmente creen que la mejor manera de hacerlo es a trav\u00e9s de la pol\u00edtica arancelaria. Espero que alg\u00fan d\u00eda lleguemos a esta discusi\u00f3n, pero actualmente es evidente que no estamos ah\u00ed\u201d, dijo.<\/p>\n<p class=\"nota-justify\">El aplazamiento de las contramedidas podr\u00eda permitir alg\u00fan ajuste en los productos estadunidenses afectados.<\/p>\n","protected":false},"excerpt":{"rendered":"<p>La Uni\u00f3n Europea (UE) decidi\u00f3 retrasar sus primeras medidas contra Estados Unidos en respuesta a los aranceles al acero y<\/p>\n","protected":false},"author":4,"featured_media":52783,"comment_status":"closed","ping_status":"closed","sticky":false,"template":"","format":"standard","meta":{"colormag_page_container_layout":"default_layout","colormag_page_sidebar_layout":"default_layout","_jetpack_memberships_contains_paid_content":false,"footnotes":"","jetpack_publicize_message":"","jetpack_publicize_feature_enabled":true,"jetpack_social_post_already_shared":true,"jetpack_social_options":{"image_generator_settings":{"template":"highway","default_image_id":0,"font":"","enabled":false},"version":2}},"categories":[1947],"tags":[],"class_list":["post-52782","post","type-post","status-publish","format-standard","has-post-thumbnail","hentry","category-economia"],"jetpack_publicize_connections":[],"jetpack_featured_media_url":"https:\/\/noticiasveracruz.com\/wp-content\/uploads\/2025\/03\/CE.jpg","jetpack_sharing_enabled":true,"publishpress_future_action":{"enabled":false,"date":"2026-05-08 05:46:09","action":"change-status","newStatus":"draft","terms":[],"taxonomy":"category","extraData":[]},"publishpress_future_workflow_manual_trigger":{"enabledWorkflows":[]},"_links":{"self":[{"href":"https:\/\/noticiasveracruz.com\/index.php\/wp-json\/wp\/v2\/posts\/52782","targetHints":{"allow":["GET"]}}],"collection":[{"href":"https:\/\/noticiasveracruz.com\/index.php\/wp-json\/wp\/v2\/posts"}],"about":[{"href":"https:\/\/noticiasveracruz.com\/index.php\/wp-json\/wp\/v2\/types\/post"}],"author":[{"embeddable":true,"href":"https:\/\/noticiasveracruz.com\/index.php\/wp-json\/wp\/v2\/users\/4"}],"replies":[{"embeddable":true,"href":"https:\/\/noticiasveracruz.com\/index.php\/wp-json\/wp\/v2\/comments?post=52782"}],"version-history":[{"count":0,"href":"https:\/\/noticiasveracruz.com\/index.php\/wp-json\/wp\/v2\/posts\/52782\/revisions"}],"wp:featuredmedia":[{"embeddable":true,"href":"https:\/\/noticiasveracruz.com\/index.php\/wp-json\/wp\/v2\/media\/52783"}],"wp:attachment":[{"href":"https:\/\/noticiasveracruz.com\/index.php\/wp-json\/wp\/v2\/media?parent=52782"}],"wp:term":[{"taxonomy":"category","embeddable":true,"href":"https:\/\/noticiasveracruz.com\/index.php\/wp-json\/wp\/v2\/categories?post=52782"},{"taxonomy":"post_tag","embeddable":true,"href":"https:\/\/noticiasveracruz.com\/index.php\/wp-json\/wp\/v2\/tags?post=52782"}],"curies":[{"name":"wp","href":"https:\/\/api.w.org\/{rel}","templated":true}]}}