{"id":52770,"date":"2025-03-21T01:19:44","date_gmt":"2025-03-21T07:19:44","guid":{"rendered":"https:\/\/noticiasveracruz.com\/?p=52770"},"modified":"2025-03-21T01:19:44","modified_gmt":"2025-03-21T07:19:44","slug":"agradece-zoe-robledo-palabras-expresadas-por-sheinbaum-en-la-mananera","status":"publish","type":"post","link":"https:\/\/noticiasveracruz.com\/index.php\/2025\/03\/21\/agradece-zoe-robledo-palabras-expresadas-por-sheinbaum-en-la-mananera\/","title":{"rendered":"Agradece Zo\u00e9 Robledo palabras expresadas por Sheinbaum en la Ma\u00f1anera"},"content":{"rendered":"<p class=\"nota-justify\">Zo\u00e9 Robledo, director general del Instituto Mexicano del Seguro Social (IMSS), agradeci\u00f3 las palabras que la presidenta Claudia Sheinbaum Pardo expres\u00f3 durante la conferencia de prensa de esta ma\u00f1ana en Palacio Nacional.<\/p>\n<p class=\"nota-justify\">\u201cEs una ratificaci\u00f3n a mi persona que va acompa\u00f1ada del esfuerzo de absolutamente todas y de todos, ahora nos toca demostrar que esa confianza se exprese en acciones de transformaci\u00f3n\u201d.<\/p>\n<p class=\"nota-justify\">En el Teatro del IMSS Doctor Joaqu\u00edn Jim\u00e9nez Trava, en M\u00e9rida, Yucat\u00e1n, junto al gobernador de la entidad, Joaqu\u00edn D\u00edaz Mena, el titular del IMSS encabez\u00f3 la presentaci\u00f3n del informe de labores del doctor Alonso Juan Sansores R\u00edo, titular del \u00d3rgano de Operaci\u00f3n Administrativa Desconcentrada (OOAD) en el estado.<\/p>\n<p class=\"nota-justify\">El director general del Seguro Social resalt\u00f3 su orgullo por ser parte de un movimiento de transformaci\u00f3n \u201cen un tiempo de mujeres con la presidenta Claudia Sheinbaum, con nuestro amigo el gobernador Joaqu\u00edn D\u00edaz Mena, para dar lo mejor de nosotros y seguir haciendo equipo. El IMSS con A es posible, ese IMSS que escucha, aprende, acude al llamado y resuelve, el que sufre el dolor ajeno y sue\u00f1a con repararlo.\u201d<\/p>\n<p class=\"nota-justify\">Robledo afirm\u00f3 que la apertura del Instituto se expresa con la tasa de crecimiento de empleos, que en Yucat\u00e1n es de 18 por ciento m\u00e1s de personas trabajadoras y 15 por ciento m\u00e1s de derechohabientes y beneficiarios, esto es que en cinco a\u00f1os pas\u00f3 de un mill\u00f3n 98 mil a un mill\u00f3n 295 mil, lo cual significa atender a 196 mil personas m\u00e1s.<\/p>\n<p class=\"nota-justify\">\u201cEse es nuestro gran reto, porque adem\u00e1s no es una apertura que se explique sola, en M\u00e9rida tiene que ver con proyectos de infraestructura como el Tren Maya y de inversi\u00f3n p\u00fablica, con la apertura de trabajadores independientes, este grupo de personas que trabajan por su cuenta y que ahora a partir de una reforma legal tenemos la posibilidad de ofrecerles aseguramiento voluntario al r\u00e9gimen obligatorio\u201d.<\/p>\n<p class=\"nota-justify\">Se\u00f1al\u00f3 que para atender a m\u00e1s personas la segunda A del IMSS tiene que ver con la ampliaci\u00f3n de infraestructura, con obras que ya est\u00e1n en operaci\u00f3n como la Unidad de Medicina Familiar (UMF) N\u00famero 61 en M\u00e9rida, una Cl\u00ednica de Mama, el Centro de Referencia Estatal para la Atenci\u00f3n del Ni\u00f1o y de la Ni\u00f1a con C\u00e1ncer (OncoCREAN) en el Hospital de Especialidades, la construcci\u00f3n del hospital de Ticul, as\u00ed como acciones de conservaci\u00f3n, ampliaci\u00f3n y fortalecimiento en todo Yucat\u00e1n.<\/p>\n<p class=\"nota-justify\">Durante el acto, el director general del IMSS y el gobernador D\u00edaz Mena firmaron el Convenio de Colaboraci\u00f3n para el fortalecimiento de los servicios de salud de las Unidades M\u00e9dicas Rurales (UMR) del programa IMSS Bienestar en la entidad, que permitir\u00e1 elevar la calidad de vida de la poblaci\u00f3n yucateca.<\/p>\n<p class=\"nota-justify\">El gobernador D\u00edaz Mena, indic\u00f3 que, desde el primer d\u00eda de su Gobierno, se ha colocado la salud en el centro de la agenda p\u00fablica porque reconoce que es la base de cualquier transformaci\u00f3n y que no puede haber bienestar, ni justicia social, si la gente sigue esperando meses para una consulta, si las mujeres embarazadas deben trasladarse horas para recibir atenci\u00f3n, o si los ni\u00f1os no tienen acceso a vacunas y servicios preventivos.<\/p>\n<p class=\"nota-justify\">\u201cPor eso, hoy reafirmamos nuestro compromiso con el bienestar de cada familia yucateca. Con el apoyo del Gobierno de M\u00e9xico, con la coordinaci\u00f3n del IMSS y con la determinaci\u00f3n de quienes formamos parte de esta transformaci\u00f3n, no vamos a descansar ni un solo d\u00eda hasta que cada yucateco y cada yucateca tenga garantizado su derecho a la salud\u00bb, agreg\u00f3 el mandatario yucateco.<\/p>\n<p class=\"nota-justify\">Al rendir su informe de actividades, el representante del IMSS en Yucat\u00e1n, Sansores R\u00edo, destac\u00f3 la modernizaci\u00f3n de infraestructura hospitalaria, adquisici\u00f3n de equipamiento m\u00e9dico con inversiones hist\u00f3ricas para brindar m\u00e1s y mejores servicios a las y los derechohabientes, principalmente con la pr\u00f3xima apertura del Hospital General de Zona (HGZ) de Ticul.<\/p>\n<p class=\"nota-justify\">Resalt\u00f3 las obras de mantenimiento, conservaci\u00f3n y dignificaci\u00f3n de unidades m\u00e9dicas y hospitales para brindar servicios de calidad a los usuarios en la entidad; el fortalecimiento de programas preventivos y de trasplantes que incrementaron significativamente la donaci\u00f3n y procuraci\u00f3n de \u00f3rganos y tejidos.<\/p>\n<p class=\"nota-justify\">El presidente nacional de la Confederaci\u00f3n de C\u00e1maras Nacionales de Comercio, Servicios y Turismo de M\u00e9xico (Concanaco-Servytur) y consejero t\u00e9cnico patronal del IMSS, Octavio de la Torre De St\u00e9ffano, indic\u00f3 que el acuerdo firmado por el Instituto y el gobierno de Yucat\u00e1n es la manifestaci\u00f3n de una voluntad pol\u00edtica y social que busca dotar a las UMR de infraestructura, equipamiento y personal capacitado.<\/p>\n<p class=\"nota-justify\">Resalt\u00f3 que la inversi\u00f3n en el sistema de salud, sobre todo en zonas rurales y marginadas, es clave para garantizar equidad y acceso a servicios m\u00e9dicos de calidad. \u201cQuiero felicitar a todos los involucrados del Instituto que forman parte de esta visi\u00f3n de justicia social, enfocada en cerrar brechas y eliminar desigualdades; con el fortalecimiento de estas unidades m\u00e9dicas rurales del IMSS Bienestar, vamos a avanzar en la construcci\u00f3n de un M\u00e9xico m\u00e1s saludable y pr\u00f3spero para todas y para todos\u201d.<\/p>\n","protected":false},"excerpt":{"rendered":"<p>Zo\u00e9 Robledo, director general del Instituto Mexicano del Seguro Social (IMSS), agradeci\u00f3 las palabras que la presidenta Claudia Sheinbaum Pardo<\/p>\n","protected":false},"author":4,"featured_media":52771,"comment_status":"closed","ping_status":"closed","sticky":false,"template":"","format":"standard","meta":{"colormag_page_container_layout":"default_layout","colormag_page_sidebar_layout":"default_layout","_jetpack_memberships_contains_paid_content":false,"footnotes":"","jetpack_publicize_message":"","jetpack_publicize_feature_enabled":true,"jetpack_social_post_already_shared":true,"jetpack_social_options":{"image_generator_settings":{"template":"highway","default_image_id":0,"font":"","enabled":false},"version":2}},"categories":[4],"tags":[],"class_list":["post-52770","post","type-post","status-publish","format-standard","has-post-thumbnail","hentry","category-nacional"],"jetpack_publicize_connections":[],"jetpack_featured_media_url":"https:\/\/noticiasveracruz.com\/wp-content\/uploads\/2025\/03\/ZOE.jpg","jetpack_sharing_enabled":true,"publishpress_future_action":{"enabled":false,"date":"2026-05-10 04:42:01","action":"change-status","newStatus":"draft","terms":[],"taxonomy":"category","extraData":[]},"publishpress_future_workflow_manual_trigger":{"enabledWorkflows":[]},"_links":{"self":[{"href":"https:\/\/noticiasveracruz.com\/index.php\/wp-json\/wp\/v2\/posts\/52770","targetHints":{"allow":["GET"]}}],"collection":[{"href":"https:\/\/noticiasveracruz.com\/index.php\/wp-json\/wp\/v2\/posts"}],"about":[{"href":"https:\/\/noticiasveracruz.com\/index.php\/wp-json\/wp\/v2\/types\/post"}],"author":[{"embeddable":true,"href":"https:\/\/noticiasveracruz.com\/index.php\/wp-json\/wp\/v2\/users\/4"}],"replies":[{"embeddable":true,"href":"https:\/\/noticiasveracruz.com\/index.php\/wp-json\/wp\/v2\/comments?post=52770"}],"version-history":[{"count":0,"href":"https:\/\/noticiasveracruz.com\/index.php\/wp-json\/wp\/v2\/posts\/52770\/revisions"}],"wp:featuredmedia":[{"embeddable":true,"href":"https:\/\/noticiasveracruz.com\/index.php\/wp-json\/wp\/v2\/media\/52771"}],"wp:attachment":[{"href":"https:\/\/noticiasveracruz.com\/index.php\/wp-json\/wp\/v2\/media?parent=52770"}],"wp:term":[{"taxonomy":"category","embeddable":true,"href":"https:\/\/noticiasveracruz.com\/index.php\/wp-json\/wp\/v2\/categories?post=52770"},{"taxonomy":"post_tag","embeddable":true,"href":"https:\/\/noticiasveracruz.com\/index.php\/wp-json\/wp\/v2\/tags?post=52770"}],"curies":[{"name":"wp","href":"https:\/\/api.w.org\/{rel}","templated":true}]}}