{"id":52758,"date":"2025-03-21T01:09:14","date_gmt":"2025-03-21T07:09:14","guid":{"rendered":"https:\/\/noticiasveracruz.com\/?p=52758"},"modified":"2025-03-21T01:09:14","modified_gmt":"2025-03-21T07:09:14","slug":"veracruz-tendra-promocion-en-14-paises","status":"publish","type":"post","link":"https:\/\/noticiasveracruz.com\/index.php\/2025\/03\/21\/veracruz-tendra-promocion-en-14-paises\/","title":{"rendered":"Veracruz tendr\u00e1  promoci\u00f3n   en 14 pa\u00edses"},"content":{"rendered":"<p>En visita a Veracruz, para la reuni\u00f3n con prestadores de servicios tur\u00edsticos y la gobernadora Roc\u00edo Nahle Garc\u00eda, la secretaria de Turismo federal, Josefina Rodr\u00edguez Zamora, destac\u00f3 a Veracruz como un destino clave en la promoci\u00f3n tur\u00edstica nacional, con presencia en mercados internacionales y el desarrollo de un pol\u00edgono de turismo comunitario en Los Tuxtlas.<\/p>\n<p>En entrevista con medios de comunicaci\u00f3n, previa a la reuni\u00f3n con la Secretar\u00eda de Turismo Federal, el Gobierno del Estado y prestadores de servicios, se\u00f1al\u00f3, \u201cVeracruz est\u00e1 sumado a estas 14 esferas internacionales y a siete roadshows en Estados Unidos y Canad\u00e1\u201d, destacando el impacto positivo que estas acciones tendr\u00e1n en la atracci\u00f3n de visitantes extranjeros.<\/p>\n<p>Destac\u00f3 la participaci\u00f3n del estado en eventos como la Feria Internacional de Turismo, donde el inter\u00e9s de turistas chinos, estadounidenses y canadienses fue notable.<\/p>\n<p>En el \u00e1mbito del turismo comunitario, la secretaria resalt\u00f3 la intervenci\u00f3n en 13 municipios de Los Tuxtlas como parte del pol\u00edgono nacional de desarrollo tur\u00edstico sustentable.<\/p>\n<p>\u201cNos queremos concentrar en comunidades con un ancla tur\u00edstica cercana, que queremos detonar y donde podemos generar prosperidad compartida\u201d, explic\u00f3.<\/p>\n<p>Asimismo, la titular de Turismo inform\u00f3 que Veracruz seguir\u00e1 figurando en la agenda de promoci\u00f3n nacional e internacional, con su pr\u00f3xima presencia en la muestra tur\u00edstica de San Diego el 26 de abril y su destacada participaci\u00f3n en el Tianguis Tur\u00edstico.<\/p>\n<p>\u201cVeracruz est\u00e1 de moda y M\u00e9xico est\u00e1 de moda\u201d, enfatiz\u00f3.<\/p>\n","protected":false},"excerpt":{"rendered":"<p>En visita a Veracruz, para la reuni\u00f3n con prestadores de servicios tur\u00edsticos y la gobernadora Roc\u00edo Nahle Garc\u00eda, la secretaria<\/p>\n","protected":false},"author":4,"featured_media":52759,"comment_status":"closed","ping_status":"closed","sticky":false,"template":"","format":"standard","meta":{"colormag_page_container_layout":"default_layout","colormag_page_sidebar_layout":"default_layout","_jetpack_memberships_contains_paid_content":false,"footnotes":"","jetpack_publicize_message":"","jetpack_publicize_feature_enabled":true,"jetpack_social_post_already_shared":true,"jetpack_social_options":{"image_generator_settings":{"template":"highway","default_image_id":0,"font":"","enabled":false},"version":2}},"categories":[356],"tags":[],"class_list":["post-52758","post","type-post","status-publish","format-standard","has-post-thumbnail","hentry","category-veracruz"],"jetpack_publicize_connections":[],"jetpack_featured_media_url":"https:\/\/noticiasveracruz.com\/wp-content\/uploads\/2025\/03\/9c1-1-scaled.jpg","jetpack_sharing_enabled":true,"publishpress_future_action":{"enabled":false,"date":"2026-05-08 04:22:45","action":"change-status","newStatus":"draft","terms":[],"taxonomy":"category","extraData":[]},"publishpress_future_workflow_manual_trigger":{"enabledWorkflows":[]},"_links":{"self":[{"href":"https:\/\/noticiasveracruz.com\/index.php\/wp-json\/wp\/v2\/posts\/52758","targetHints":{"allow":["GET"]}}],"collection":[{"href":"https:\/\/noticiasveracruz.com\/index.php\/wp-json\/wp\/v2\/posts"}],"about":[{"href":"https:\/\/noticiasveracruz.com\/index.php\/wp-json\/wp\/v2\/types\/post"}],"author":[{"embeddable":true,"href":"https:\/\/noticiasveracruz.com\/index.php\/wp-json\/wp\/v2\/users\/4"}],"replies":[{"embeddable":true,"href":"https:\/\/noticiasveracruz.com\/index.php\/wp-json\/wp\/v2\/comments?post=52758"}],"version-history":[{"count":0,"href":"https:\/\/noticiasveracruz.com\/index.php\/wp-json\/wp\/v2\/posts\/52758\/revisions"}],"wp:featuredmedia":[{"embeddable":true,"href":"https:\/\/noticiasveracruz.com\/index.php\/wp-json\/wp\/v2\/media\/52759"}],"wp:attachment":[{"href":"https:\/\/noticiasveracruz.com\/index.php\/wp-json\/wp\/v2\/media?parent=52758"}],"wp:term":[{"taxonomy":"category","embeddable":true,"href":"https:\/\/noticiasveracruz.com\/index.php\/wp-json\/wp\/v2\/categories?post=52758"},{"taxonomy":"post_tag","embeddable":true,"href":"https:\/\/noticiasveracruz.com\/index.php\/wp-json\/wp\/v2\/tags?post=52758"}],"curies":[{"name":"wp","href":"https:\/\/api.w.org\/{rel}","templated":true}]}}