{"id":52751,"date":"2025-03-21T01:06:32","date_gmt":"2025-03-21T07:06:32","guid":{"rendered":"https:\/\/noticiasveracruz.com\/?p=52751"},"modified":"2025-03-21T01:06:32","modified_gmt":"2025-03-21T07:06:32","slug":"riqueza-cultural-carta-de-presentacion-al-mundo","status":"publish","type":"post","link":"https:\/\/noticiasveracruz.com\/index.php\/2025\/03\/21\/riqueza-cultural-carta-de-presentacion-al-mundo\/","title":{"rendered":"Riqueza cultural, carta de presentaci\u00f3n al mundo"},"content":{"rendered":"<p>Durante su visita a Veracruz, la secretaria de Turismo de M\u00e9xico, Josefina Rodr\u00edguez Zamora, destac\u00f3 que el estado es un referente en turismo y una de las principales fortalezas de M\u00e9xico a nivel internacional.<\/p>\n<p>Acompa\u00f1ada por la gobernadora Roc\u00edo Nahle Garc\u00eda, recorri\u00f3 el Parque Tem\u00e1tico Takilhsukut, donde resalt\u00f3 la importancia de Cumbre Taj\u00edn como una celebraci\u00f3n de la cultura, las tradiciones y la identidad del pueblo totonaca.<\/p>\n<p>\u201cComo la Presidenta lo ha dicho, el turismo cultural es lo que hace que seamos un referente mundial, Veracruz, con su enorme riqueza hist\u00f3rica y tradiciones vivas, es un claro ejemplo de ello. Este tipo de infraestructura y promoci\u00f3n permiten que M\u00e9xico sea reconocido por lo que realmente es\u201d, expres\u00f3.<\/p>\n<p>Como parte de su visita, ambas participaron en el Ritual de Xalaktzu en el Kantiyan, la Casa de los Abuelos, donde fueron recibidas por la comunidad totonaca en un acto de profunda conexi\u00f3n con las ra\u00edces ancestrales.<\/p>\n<p>Tambi\u00e9n, presenciaron la ceremonia ritual de los Voladores de Papantla, inscrita en 2009 en la Lista Representativa del Patrimonio Cultural Inmaterial de la Humanidad de la UNESCO, y la Gobernadora le explic\u00f3 el significado de este rito ancestral, que expresa la conexi\u00f3n con la naturaleza y el universo espiritual.<\/p>\n<p>\u201cEs incre\u00edble. Es bonito volver a centrarte y tomar fuerzas, porque de ah\u00ed partimos, de nuestras ra\u00edces y nuestra tierra. Me siento muy honrada de haber sido recibida en la Casa de los Abuelos\u201d, agreg\u00f3.<\/p>\n<p>Cumbre Taj\u00edn, Tachan\u00e1n, la siembra para el mundo se celebra del 19 al 23 de marzo con un programa que incluye actividades familiares, talleres, gastronom\u00eda y expresiones art\u00edsticas que muestran el esplendor de la cultura totonaca.<\/p>\n","protected":false},"excerpt":{"rendered":"<p>Durante su visita a Veracruz, la secretaria de Turismo de M\u00e9xico, Josefina Rodr\u00edguez Zamora, destac\u00f3 que el estado es un<\/p>\n","protected":false},"author":4,"featured_media":52752,"comment_status":"closed","ping_status":"closed","sticky":false,"template":"","format":"standard","meta":{"colormag_page_container_layout":"default_layout","colormag_page_sidebar_layout":"default_layout","_jetpack_memberships_contains_paid_content":false,"footnotes":"","jetpack_publicize_message":"","jetpack_publicize_feature_enabled":true,"jetpack_social_post_already_shared":true,"jetpack_social_options":{"image_generator_settings":{"template":"highway","default_image_id":0,"font":"","enabled":false},"version":2}},"categories":[356],"tags":[],"class_list":["post-52751","post","type-post","status-publish","format-standard","has-post-thumbnail","hentry","category-veracruz"],"jetpack_publicize_connections":[],"jetpack_featured_media_url":"https:\/\/noticiasveracruz.com\/wp-content\/uploads\/2025\/03\/9a-11-scaled.jpg","jetpack_sharing_enabled":true,"publishpress_future_action":{"enabled":false,"date":"2026-05-08 02:20:37","action":"change-status","newStatus":"draft","terms":[],"taxonomy":"category","extraData":[]},"publishpress_future_workflow_manual_trigger":{"enabledWorkflows":[]},"_links":{"self":[{"href":"https:\/\/noticiasveracruz.com\/index.php\/wp-json\/wp\/v2\/posts\/52751","targetHints":{"allow":["GET"]}}],"collection":[{"href":"https:\/\/noticiasveracruz.com\/index.php\/wp-json\/wp\/v2\/posts"}],"about":[{"href":"https:\/\/noticiasveracruz.com\/index.php\/wp-json\/wp\/v2\/types\/post"}],"author":[{"embeddable":true,"href":"https:\/\/noticiasveracruz.com\/index.php\/wp-json\/wp\/v2\/users\/4"}],"replies":[{"embeddable":true,"href":"https:\/\/noticiasveracruz.com\/index.php\/wp-json\/wp\/v2\/comments?post=52751"}],"version-history":[{"count":0,"href":"https:\/\/noticiasveracruz.com\/index.php\/wp-json\/wp\/v2\/posts\/52751\/revisions"}],"wp:featuredmedia":[{"embeddable":true,"href":"https:\/\/noticiasveracruz.com\/index.php\/wp-json\/wp\/v2\/media\/52752"}],"wp:attachment":[{"href":"https:\/\/noticiasveracruz.com\/index.php\/wp-json\/wp\/v2\/media?parent=52751"}],"wp:term":[{"taxonomy":"category","embeddable":true,"href":"https:\/\/noticiasveracruz.com\/index.php\/wp-json\/wp\/v2\/categories?post=52751"},{"taxonomy":"post_tag","embeddable":true,"href":"https:\/\/noticiasveracruz.com\/index.php\/wp-json\/wp\/v2\/tags?post=52751"}],"curies":[{"name":"wp","href":"https:\/\/api.w.org\/{rel}","templated":true}]}}