{"id":52730,"date":"2025-03-20T20:48:32","date_gmt":"2025-03-21T02:48:32","guid":{"rendered":"https:\/\/noticiasveracruz.com\/?p=52730"},"modified":"2025-03-20T20:48:32","modified_gmt":"2025-03-21T02:48:32","slug":"hermosos-trabajos-elaborados-gracias-a-los-cursos-impartidos-en-los-jornada-multidisciplinaria-de-la-sindicatura-unica","status":"publish","type":"post","link":"https:\/\/noticiasveracruz.com\/index.php\/2025\/03\/20\/hermosos-trabajos-elaborados-gracias-a-los-cursos-impartidos-en-los-jornada-multidisciplinaria-de-la-sindicatura-unica\/","title":{"rendered":"Hermosos trabajos elaborados gracias a los cursos impartidos en los Jornada Multidisciplinaria de la Sindicatura \u00danica"},"content":{"rendered":"<p>\u2022 Cada jueves se contin\u00faa con la promoci\u00f3n de la salud visual.<\/p>\n<p>Tuxpan, Ver., 20 de marzo de 2025.- Flores de list\u00f3n y art\u00edculos de cart\u00f3n reciclado se expusieron en la Jornada Multidisciplinaria que realiza la s\u00edndica \u00fanica del gobierno de Tuxpan, Mtra. Beatriz Pi\u00f1a Vergara.<\/p>\n<p><img loading=\"lazy\" decoding=\"async\" class=\"alignnone size-medium wp-image-52731\" src=\"http:\/\/noticiasveracruz.com\/wp-content\/uploads\/2025\/03\/WhatsApp-Image-2025-03-20-at-19.23.16-300x169.jpeg\" alt=\"\" width=\"300\" height=\"169\" srcset=\"https:\/\/noticiasveracruz.com\/wp-content\/uploads\/2025\/03\/WhatsApp-Image-2025-03-20-at-19.23.16-300x169.jpeg 300w, https:\/\/noticiasveracruz.com\/wp-content\/uploads\/2025\/03\/WhatsApp-Image-2025-03-20-at-19.23.16-1024x576.jpeg 1024w, https:\/\/noticiasveracruz.com\/wp-content\/uploads\/2025\/03\/WhatsApp-Image-2025-03-20-at-19.23.16-768x432.jpeg 768w, https:\/\/noticiasveracruz.com\/wp-content\/uploads\/2025\/03\/WhatsApp-Image-2025-03-20-at-19.23.16-1536x864.jpeg 1536w, https:\/\/noticiasveracruz.com\/wp-content\/uploads\/2025\/03\/WhatsApp-Image-2025-03-20-at-19.23.16-2048x1152.jpeg 2048w\" sizes=\"auto, (max-width: 300px) 100vw, 300px\" \/><\/p>\n<p>Estos art\u00edculos decorativos han sido elaborados por quienes que asisten cada jueves a los cursos que se llevan a cabo dentro de estas jornadas, los cuales son impartidos por la Fundaci\u00f3n Sin Miedo a Trabajar Contigo y por el maestro \u00d3scar Gonz\u00e1lez, de creaciones Dise\u00f1Oso.<\/p>\n<p><img loading=\"lazy\" decoding=\"async\" class=\"alignnone size-medium wp-image-52732\" src=\"http:\/\/noticiasveracruz.com\/wp-content\/uploads\/2025\/03\/WhatsApp-Image-2025-03-20-at-19.23.17-300x200.jpeg\" alt=\"\" width=\"300\" height=\"200\" srcset=\"https:\/\/noticiasveracruz.com\/wp-content\/uploads\/2025\/03\/WhatsApp-Image-2025-03-20-at-19.23.17-300x200.jpeg 300w, https:\/\/noticiasveracruz.com\/wp-content\/uploads\/2025\/03\/WhatsApp-Image-2025-03-20-at-19.23.17-1024x683.jpeg 1024w, https:\/\/noticiasveracruz.com\/wp-content\/uploads\/2025\/03\/WhatsApp-Image-2025-03-20-at-19.23.17-768x512.jpeg 768w, https:\/\/noticiasveracruz.com\/wp-content\/uploads\/2025\/03\/WhatsApp-Image-2025-03-20-at-19.23.17-1536x1024.jpeg 1536w, https:\/\/noticiasveracruz.com\/wp-content\/uploads\/2025\/03\/WhatsApp-Image-2025-03-20-at-19.23.17-2048x1365.jpeg 2048w\" sizes=\"auto, (max-width: 300px) 100vw, 300px\" \/> <img loading=\"lazy\" decoding=\"async\" class=\"alignnone size-medium wp-image-52733\" src=\"http:\/\/noticiasveracruz.com\/wp-content\/uploads\/2025\/03\/WhatsApp-Image-2025-03-20-at-19.23.18-300x169.jpeg\" alt=\"\" width=\"300\" height=\"169\" srcset=\"https:\/\/noticiasveracruz.com\/wp-content\/uploads\/2025\/03\/WhatsApp-Image-2025-03-20-at-19.23.18-300x169.jpeg 300w, https:\/\/noticiasveracruz.com\/wp-content\/uploads\/2025\/03\/WhatsApp-Image-2025-03-20-at-19.23.18-1024x576.jpeg 1024w, https:\/\/noticiasveracruz.com\/wp-content\/uploads\/2025\/03\/WhatsApp-Image-2025-03-20-at-19.23.18-768x432.jpeg 768w, https:\/\/noticiasveracruz.com\/wp-content\/uploads\/2025\/03\/WhatsApp-Image-2025-03-20-at-19.23.18-1536x864.jpeg 1536w, https:\/\/noticiasveracruz.com\/wp-content\/uploads\/2025\/03\/WhatsApp-Image-2025-03-20-at-19.23.18-2048x1152.jpeg 2048w\" sizes=\"auto, (max-width: 300px) 100vw, 300px\" \/><\/p>\n<p>La s\u00edndica Bety Pi\u00f1a agradeci\u00f3 a quienes participan en estos talleres, mismos que han sido de gran apoyo para la ciudadan\u00eda, no solo porque con el aprendizaje logran emprender y obtener ingresos familiares extras, sino que tambi\u00e9n les funciona como terapia a los adultos mayores.<\/p>\n<p><img loading=\"lazy\" decoding=\"async\" class=\"alignnone size-medium wp-image-52734\" src=\"http:\/\/noticiasveracruz.com\/wp-content\/uploads\/2025\/03\/WhatsApp-Image-2025-03-20-at-19.23.19-300x169.jpeg\" alt=\"\" width=\"300\" height=\"169\" srcset=\"https:\/\/noticiasveracruz.com\/wp-content\/uploads\/2025\/03\/WhatsApp-Image-2025-03-20-at-19.23.19-300x169.jpeg 300w, https:\/\/noticiasveracruz.com\/wp-content\/uploads\/2025\/03\/WhatsApp-Image-2025-03-20-at-19.23.19-1024x576.jpeg 1024w, https:\/\/noticiasveracruz.com\/wp-content\/uploads\/2025\/03\/WhatsApp-Image-2025-03-20-at-19.23.19-768x432.jpeg 768w, https:\/\/noticiasveracruz.com\/wp-content\/uploads\/2025\/03\/WhatsApp-Image-2025-03-20-at-19.23.19-1536x864.jpeg 1536w, https:\/\/noticiasveracruz.com\/wp-content\/uploads\/2025\/03\/WhatsApp-Image-2025-03-20-at-19.23.19-2048x1152.jpeg 2048w\" sizes=\"auto, (max-width: 300px) 100vw, 300px\" \/> <img loading=\"lazy\" decoding=\"async\" class=\"alignnone size-medium wp-image-52735\" src=\"http:\/\/noticiasveracruz.com\/wp-content\/uploads\/2025\/03\/WhatsApp-Image-2025-03-20-at-19.23.20-300x169.jpeg\" alt=\"\" width=\"300\" height=\"169\" srcset=\"https:\/\/noticiasveracruz.com\/wp-content\/uploads\/2025\/03\/WhatsApp-Image-2025-03-20-at-19.23.20-300x169.jpeg 300w, https:\/\/noticiasveracruz.com\/wp-content\/uploads\/2025\/03\/WhatsApp-Image-2025-03-20-at-19.23.20-1024x576.jpeg 1024w, https:\/\/noticiasveracruz.com\/wp-content\/uploads\/2025\/03\/WhatsApp-Image-2025-03-20-at-19.23.20-768x432.jpeg 768w, https:\/\/noticiasveracruz.com\/wp-content\/uploads\/2025\/03\/WhatsApp-Image-2025-03-20-at-19.23.20-1536x864.jpeg 1536w, https:\/\/noticiasveracruz.com\/wp-content\/uploads\/2025\/03\/WhatsApp-Image-2025-03-20-at-19.23.20-2048x1152.jpeg 2048w\" sizes=\"auto, (max-width: 300px) 100vw, 300px\" \/><\/p>\n<p>En ese sentido, invit\u00f3 una vez m\u00e1s a la poblaci\u00f3n a que aproveche los servicios que se brindan todos los jueves de 10:00 a 14:00 horas, en la planta baja de presidencia municipal.<\/p>\n<p><img loading=\"lazy\" decoding=\"async\" class=\"alignnone size-medium wp-image-52736\" src=\"http:\/\/noticiasveracruz.com\/wp-content\/uploads\/2025\/03\/WhatsApp-Image-2025-03-20-at-19.23.21-300x211.jpeg\" alt=\"\" width=\"300\" height=\"211\" srcset=\"https:\/\/noticiasveracruz.com\/wp-content\/uploads\/2025\/03\/WhatsApp-Image-2025-03-20-at-19.23.21-300x211.jpeg 300w, https:\/\/noticiasveracruz.com\/wp-content\/uploads\/2025\/03\/WhatsApp-Image-2025-03-20-at-19.23.21-1024x721.jpeg 1024w, https:\/\/noticiasveracruz.com\/wp-content\/uploads\/2025\/03\/WhatsApp-Image-2025-03-20-at-19.23.21-768x541.jpeg 768w, https:\/\/noticiasveracruz.com\/wp-content\/uploads\/2025\/03\/WhatsApp-Image-2025-03-20-at-19.23.21-1536x1082.jpeg 1536w, https:\/\/noticiasveracruz.com\/wp-content\/uploads\/2025\/03\/WhatsApp-Image-2025-03-20-at-19.23.21-2048x1443.jpeg 2048w, https:\/\/noticiasveracruz.com\/wp-content\/uploads\/2025\/03\/WhatsApp-Image-2025-03-20-at-19.23.21-130x90.jpeg 130w\" sizes=\"auto, (max-width: 300px) 100vw, 300px\" \/> <img loading=\"lazy\" decoding=\"async\" class=\"alignnone size-medium wp-image-52738\" src=\"http:\/\/noticiasveracruz.com\/wp-content\/uploads\/2025\/03\/WhatsApp-Image-2025-03-20-at-19.23.23-300x225.jpeg\" alt=\"\" width=\"300\" height=\"225\" srcset=\"https:\/\/noticiasveracruz.com\/wp-content\/uploads\/2025\/03\/WhatsApp-Image-2025-03-20-at-19.23.23-300x225.jpeg 300w, https:\/\/noticiasveracruz.com\/wp-content\/uploads\/2025\/03\/WhatsApp-Image-2025-03-20-at-19.23.23-1024x768.jpeg 1024w, https:\/\/noticiasveracruz.com\/wp-content\/uploads\/2025\/03\/WhatsApp-Image-2025-03-20-at-19.23.23-768x576.jpeg 768w, https:\/\/noticiasveracruz.com\/wp-content\/uploads\/2025\/03\/WhatsApp-Image-2025-03-20-at-19.23.23-1536x1152.jpeg 1536w, https:\/\/noticiasveracruz.com\/wp-content\/uploads\/2025\/03\/WhatsApp-Image-2025-03-20-at-19.23.23-2048x1536.jpeg 2048w\" sizes=\"auto, (max-width: 300px) 100vw, 300px\" \/><\/p>\n<p>La jornada tambi\u00e9n se incluy\u00f3 servicios de salud con ex\u00e1menes de la vista gratuitos por parte del Grupo \u00d3ptico del Totonacapan y anteojos graduados a bajo costo; as\u00ed como cortes de cabello gratis, con el apoyo de profesionales del Instituto de Belleza \u201cThe Queens\u201d.<\/p>\n<p><img loading=\"lazy\" decoding=\"async\" class=\"alignnone size-medium wp-image-52739\" src=\"http:\/\/noticiasveracruz.com\/wp-content\/uploads\/2025\/03\/WhatsApp-Image-2025-03-20-at-19.23.24-300x226.jpeg\" alt=\"\" width=\"300\" height=\"226\" srcset=\"https:\/\/noticiasveracruz.com\/wp-content\/uploads\/2025\/03\/WhatsApp-Image-2025-03-20-at-19.23.24-300x226.jpeg 300w, https:\/\/noticiasveracruz.com\/wp-content\/uploads\/2025\/03\/WhatsApp-Image-2025-03-20-at-19.23.24-1024x771.jpeg 1024w, https:\/\/noticiasveracruz.com\/wp-content\/uploads\/2025\/03\/WhatsApp-Image-2025-03-20-at-19.23.24-768x578.jpeg 768w, https:\/\/noticiasveracruz.com\/wp-content\/uploads\/2025\/03\/WhatsApp-Image-2025-03-20-at-19.23.24-1536x1156.jpeg 1536w, https:\/\/noticiasveracruz.com\/wp-content\/uploads\/2025\/03\/WhatsApp-Image-2025-03-20-at-19.23.24-2048x1542.jpeg 2048w\" sizes=\"auto, (max-width: 300px) 100vw, 300px\" \/> <img loading=\"lazy\" decoding=\"async\" class=\"alignnone size-medium wp-image-52740\" src=\"http:\/\/noticiasveracruz.com\/wp-content\/uploads\/2025\/03\/WhatsApp-Image-2025-03-20-at-19.23.25-300x194.jpeg\" alt=\"\" width=\"300\" height=\"194\" srcset=\"https:\/\/noticiasveracruz.com\/wp-content\/uploads\/2025\/03\/WhatsApp-Image-2025-03-20-at-19.23.25-300x194.jpeg 300w, https:\/\/noticiasveracruz.com\/wp-content\/uploads\/2025\/03\/WhatsApp-Image-2025-03-20-at-19.23.25-1024x663.jpeg 1024w, https:\/\/noticiasveracruz.com\/wp-content\/uploads\/2025\/03\/WhatsApp-Image-2025-03-20-at-19.23.25-768x497.jpeg 768w, https:\/\/noticiasveracruz.com\/wp-content\/uploads\/2025\/03\/WhatsApp-Image-2025-03-20-at-19.23.25-1536x994.jpeg 1536w, https:\/\/noticiasveracruz.com\/wp-content\/uploads\/2025\/03\/WhatsApp-Image-2025-03-20-at-19.23.25-2048x1326.jpeg 2048w\" sizes=\"auto, (max-width: 300px) 100vw, 300px\" \/><\/p>\n","protected":false},"excerpt":{"rendered":"<p>\u2022 Cada jueves se contin\u00faa con la promoci\u00f3n de la salud visual. Tuxpan, Ver., 20 de marzo de 2025.- Flores<\/p>\n","protected":false},"author":4,"featured_media":52737,"comment_status":"closed","ping_status":"closed","sticky":false,"template":"","format":"standard","meta":{"colormag_page_container_layout":"default_layout","colormag_page_sidebar_layout":"default_layout","_jetpack_memberships_contains_paid_content":false,"footnotes":"","jetpack_publicize_message":"","jetpack_publicize_feature_enabled":true,"jetpack_social_post_already_shared":true,"jetpack_social_options":{"image_generator_settings":{"template":"highway","default_image_id":0,"font":"","enabled":false},"version":2}},"categories":[3372,356],"tags":[],"class_list":["post-52730","post","type-post","status-publish","format-standard","has-post-thumbnail","hentry","category-gobierno-tuxpan","category-veracruz"],"jetpack_publicize_connections":[],"jetpack_featured_media_url":"https:\/\/noticiasveracruz.com\/wp-content\/uploads\/2025\/03\/WhatsApp-Image-2025-03-20-at-19.23.22-scaled.jpeg","jetpack_sharing_enabled":true,"publishpress_future_action":{"enabled":false,"date":"2026-05-08 02:24:18","action":"change-status","newStatus":"draft","terms":[],"taxonomy":"category","extraData":[]},"publishpress_future_workflow_manual_trigger":{"enabledWorkflows":[]},"_links":{"self":[{"href":"https:\/\/noticiasveracruz.com\/index.php\/wp-json\/wp\/v2\/posts\/52730","targetHints":{"allow":["GET"]}}],"collection":[{"href":"https:\/\/noticiasveracruz.com\/index.php\/wp-json\/wp\/v2\/posts"}],"about":[{"href":"https:\/\/noticiasveracruz.com\/index.php\/wp-json\/wp\/v2\/types\/post"}],"author":[{"embeddable":true,"href":"https:\/\/noticiasveracruz.com\/index.php\/wp-json\/wp\/v2\/users\/4"}],"replies":[{"embeddable":true,"href":"https:\/\/noticiasveracruz.com\/index.php\/wp-json\/wp\/v2\/comments?post=52730"}],"version-history":[{"count":0,"href":"https:\/\/noticiasveracruz.com\/index.php\/wp-json\/wp\/v2\/posts\/52730\/revisions"}],"wp:featuredmedia":[{"embeddable":true,"href":"https:\/\/noticiasveracruz.com\/index.php\/wp-json\/wp\/v2\/media\/52737"}],"wp:attachment":[{"href":"https:\/\/noticiasveracruz.com\/index.php\/wp-json\/wp\/v2\/media?parent=52730"}],"wp:term":[{"taxonomy":"category","embeddable":true,"href":"https:\/\/noticiasveracruz.com\/index.php\/wp-json\/wp\/v2\/categories?post=52730"},{"taxonomy":"post_tag","embeddable":true,"href":"https:\/\/noticiasveracruz.com\/index.php\/wp-json\/wp\/v2\/tags?post=52730"}],"curies":[{"name":"wp","href":"https:\/\/api.w.org\/{rel}","templated":true}]}}