{"id":52722,"date":"2025-03-20T20:38:35","date_gmt":"2025-03-21T02:38:35","guid":{"rendered":"https:\/\/noticiasveracruz.com\/?p=52722"},"modified":"2025-03-20T20:38:35","modified_gmt":"2025-03-21T02:38:35","slug":"con-un-desfile-desbordante-de-alegria-y-enorme-colorido-la-ninez-tuxpena-recibio-la-primavera","status":"publish","type":"post","link":"https:\/\/noticiasveracruz.com\/index.php\/2025\/03\/20\/con-un-desfile-desbordante-de-alegria-y-enorme-colorido-la-ninez-tuxpena-recibio-la-primavera\/","title":{"rendered":"Con un desfile desbordante de alegr\u00eda y enorme colorido, la ni\u00f1ez tuxpe\u00f1a recibi\u00f3 la primavera"},"content":{"rendered":"<p>Tuxpan, Ver., 20 de marzo de 2025.- La avenida principal de la ciudad se visti\u00f3 de colores con el Desfile de Primavera en el que participaron m\u00e1s de 2 mil ni\u00f1as y ni\u00f1os de instituciones de educaci\u00f3n preescolar, Asistencia Educativa del DIF, Centro de Atenci\u00f3n M\u00faltiple y CENDI, para dar la bienvenida a la estaci\u00f3n m\u00e1s esperada del a\u00f1o.<\/p>\n<p><img loading=\"lazy\" decoding=\"async\" class=\"alignnone size-medium wp-image-52727\" src=\"http:\/\/noticiasveracruz.com\/wp-content\/uploads\/2025\/03\/WhatsApp-Image-2025-03-20-at-15.07.43-2-300x174.jpeg\" alt=\"\" width=\"300\" height=\"174\" srcset=\"https:\/\/noticiasveracruz.com\/wp-content\/uploads\/2025\/03\/WhatsApp-Image-2025-03-20-at-15.07.43-2-300x174.jpeg 300w, https:\/\/noticiasveracruz.com\/wp-content\/uploads\/2025\/03\/WhatsApp-Image-2025-03-20-at-15.07.43-2-1024x594.jpeg 1024w, https:\/\/noticiasveracruz.com\/wp-content\/uploads\/2025\/03\/WhatsApp-Image-2025-03-20-at-15.07.43-2-768x445.jpeg 768w, https:\/\/noticiasveracruz.com\/wp-content\/uploads\/2025\/03\/WhatsApp-Image-2025-03-20-at-15.07.43-2.jpeg 1280w\" sizes=\"auto, (max-width: 300px) 100vw, 300px\" \/><\/p>\n<p>Las y los peque\u00f1os dieron muestra de entusiasmo durante el recorrido, y la gran creatividad de sus educadores y padres de familia se vio reflejada en cada una de las caracterizaciones de mariposas, flores, abejas y m\u00faltiples tipos de aves.<\/p>\n<p><img loading=\"lazy\" decoding=\"async\" class=\"alignnone size-medium wp-image-52726\" src=\"http:\/\/noticiasveracruz.com\/wp-content\/uploads\/2025\/03\/WhatsApp-Image-2025-03-20-at-15.07.43-1-300x209.jpeg\" alt=\"\" width=\"300\" height=\"209\" srcset=\"https:\/\/noticiasveracruz.com\/wp-content\/uploads\/2025\/03\/WhatsApp-Image-2025-03-20-at-15.07.43-1-300x209.jpeg 300w, https:\/\/noticiasveracruz.com\/wp-content\/uploads\/2025\/03\/WhatsApp-Image-2025-03-20-at-15.07.43-1-1024x714.jpeg 1024w, https:\/\/noticiasveracruz.com\/wp-content\/uploads\/2025\/03\/WhatsApp-Image-2025-03-20-at-15.07.43-1-768x535.jpeg 768w, https:\/\/noticiasveracruz.com\/wp-content\/uploads\/2025\/03\/WhatsApp-Image-2025-03-20-at-15.07.43-1-392x272.jpeg 392w, https:\/\/noticiasveracruz.com\/wp-content\/uploads\/2025\/03\/WhatsApp-Image-2025-03-20-at-15.07.43-1-130x90.jpeg 130w, https:\/\/noticiasveracruz.com\/wp-content\/uploads\/2025\/03\/WhatsApp-Image-2025-03-20-at-15.07.43-1.jpeg 1280w\" sizes=\"auto, (max-width: 300px) 100vw, 300px\" \/><\/p>\n<p>Frente a presidencia municipal, los contingentes fueron saludados por los integrantes del pres\u00eddium: el alcalde Dr. Jes\u00fas Fomperoza Torres; la presidenta del DIF Tuxpan, Q.I. Melba L\u00f3pez Guti\u00e9rrez; las regidoras y los regidores Luis Demetrio L\u00f3pez Mar\u00edn, comisionado en Educaci\u00f3n, Anah\u00ed Aguilar L\u00f3pez, Lucero Res\u00e9ndis Ambrocio y Axel Bernal Herrera; el Prof. Jorge Arturo Garc\u00eda Robles, director de Educaci\u00f3n.<\/p>\n<p><img loading=\"lazy\" decoding=\"async\" class=\"alignnone size-medium wp-image-52725\" src=\"http:\/\/noticiasveracruz.com\/wp-content\/uploads\/2025\/03\/WhatsApp-Image-2025-03-20-at-15.07.42-300x171.jpeg\" alt=\"\" width=\"300\" height=\"171\" srcset=\"https:\/\/noticiasveracruz.com\/wp-content\/uploads\/2025\/03\/WhatsApp-Image-2025-03-20-at-15.07.42-300x171.jpeg 300w, https:\/\/noticiasveracruz.com\/wp-content\/uploads\/2025\/03\/WhatsApp-Image-2025-03-20-at-15.07.42-1024x584.jpeg 1024w, https:\/\/noticiasveracruz.com\/wp-content\/uploads\/2025\/03\/WhatsApp-Image-2025-03-20-at-15.07.42-768x438.jpeg 768w, https:\/\/noticiasveracruz.com\/wp-content\/uploads\/2025\/03\/WhatsApp-Image-2025-03-20-at-15.07.42.jpeg 1280w\" sizes=\"auto, (max-width: 300px) 100vw, 300px\" \/><\/p>\n<p>El Cap. Nav. Humberto Navarro Armenta, en representaci\u00f3n de la Fuerza Naval del Golfo; la Tte. Coronel Enfermera Evelyn L\u00e1zaro de Dios, en representaci\u00f3n de la 19\u00aa Zona Militar; el Prof. On\u00e9simo P\u00e9rez Ramos, delegado regional de la SEV en Tuxpan.<\/p>\n<p><img loading=\"lazy\" decoding=\"async\" class=\"alignnone size-medium wp-image-52724\" src=\"http:\/\/noticiasveracruz.com\/wp-content\/uploads\/2025\/03\/WhatsApp-Image-2025-03-20-at-15.07.42-3-300x164.jpeg\" alt=\"\" width=\"300\" height=\"164\" srcset=\"https:\/\/noticiasveracruz.com\/wp-content\/uploads\/2025\/03\/WhatsApp-Image-2025-03-20-at-15.07.42-3-300x164.jpeg 300w, https:\/\/noticiasveracruz.com\/wp-content\/uploads\/2025\/03\/WhatsApp-Image-2025-03-20-at-15.07.42-3-1024x559.jpeg 1024w, https:\/\/noticiasveracruz.com\/wp-content\/uploads\/2025\/03\/WhatsApp-Image-2025-03-20-at-15.07.42-3-768x419.jpeg 768w, https:\/\/noticiasveracruz.com\/wp-content\/uploads\/2025\/03\/WhatsApp-Image-2025-03-20-at-15.07.42-3.jpeg 1280w\" sizes=\"auto, (max-width: 300px) 100vw, 300px\" \/><\/p>\n<p>Asimismo, inspectores escolares, supervisoras y supervisoras de las zonas escolares 077, 046, 114, 104; zona 02 de Educaci\u00f3n Especial; CAPEP y la directora del Centro de Atenci\u00f3n Infantil SEV 03, Mtra. Irma Alicia Sosa Jim\u00e9nez.<\/p>\n<p><img loading=\"lazy\" decoding=\"async\" class=\"alignnone size-medium wp-image-52723\" src=\"http:\/\/noticiasveracruz.com\/wp-content\/uploads\/2025\/03\/WhatsApp-Image-2025-03-20-at-15.07.42-1-300x194.jpeg\" alt=\"\" width=\"300\" height=\"194\" srcset=\"https:\/\/noticiasveracruz.com\/wp-content\/uploads\/2025\/03\/WhatsApp-Image-2025-03-20-at-15.07.42-1-300x194.jpeg 300w, https:\/\/noticiasveracruz.com\/wp-content\/uploads\/2025\/03\/WhatsApp-Image-2025-03-20-at-15.07.42-1-1024x661.jpeg 1024w, https:\/\/noticiasveracruz.com\/wp-content\/uploads\/2025\/03\/WhatsApp-Image-2025-03-20-at-15.07.42-1-768x496.jpeg 768w, https:\/\/noticiasveracruz.com\/wp-content\/uploads\/2025\/03\/WhatsApp-Image-2025-03-20-at-15.07.42-1.jpeg 1280w\" sizes=\"auto, (max-width: 300px) 100vw, 300px\" \/><\/p>\n<p>Al desfile se sumaron los Leones Marching Band, de la escuela secundaria general Emiliano Zapata, sumando un total de 2,544 participantes.<\/p>\n<p>Es importante mencionar que el recorrido se desarroll\u00f3 en un ambiente seguro, al contar con el apoyo de ambulancias y un estricto operativo de tr\u00e1nsito.<\/p>\n","protected":false},"excerpt":{"rendered":"<p>Tuxpan, Ver., 20 de marzo de 2025.- La avenida principal de la ciudad se visti\u00f3 de colores con el Desfile<\/p>\n","protected":false},"author":4,"featured_media":52728,"comment_status":"closed","ping_status":"closed","sticky":false,"template":"","format":"standard","meta":{"colormag_page_container_layout":"default_layout","colormag_page_sidebar_layout":"default_layout","_jetpack_memberships_contains_paid_content":false,"footnotes":"","jetpack_publicize_message":"","jetpack_publicize_feature_enabled":true,"jetpack_social_post_already_shared":true,"jetpack_social_options":{"image_generator_settings":{"template":"highway","default_image_id":0,"font":"","enabled":false},"version":2}},"categories":[3372,356],"tags":[],"class_list":["post-52722","post","type-post","status-publish","format-standard","has-post-thumbnail","hentry","category-gobierno-tuxpan","category-veracruz"],"jetpack_publicize_connections":[],"jetpack_featured_media_url":"https:\/\/noticiasveracruz.com\/wp-content\/uploads\/2025\/03\/WhatsApp-Image-2025-03-20-at-15.07.43-3.jpeg","jetpack_sharing_enabled":true,"publishpress_future_action":{"enabled":false,"date":"2026-05-08 02:37:53","action":"change-status","newStatus":"draft","terms":[],"taxonomy":"category","extraData":[]},"publishpress_future_workflow_manual_trigger":{"enabledWorkflows":[]},"_links":{"self":[{"href":"https:\/\/noticiasveracruz.com\/index.php\/wp-json\/wp\/v2\/posts\/52722","targetHints":{"allow":["GET"]}}],"collection":[{"href":"https:\/\/noticiasveracruz.com\/index.php\/wp-json\/wp\/v2\/posts"}],"about":[{"href":"https:\/\/noticiasveracruz.com\/index.php\/wp-json\/wp\/v2\/types\/post"}],"author":[{"embeddable":true,"href":"https:\/\/noticiasveracruz.com\/index.php\/wp-json\/wp\/v2\/users\/4"}],"replies":[{"embeddable":true,"href":"https:\/\/noticiasveracruz.com\/index.php\/wp-json\/wp\/v2\/comments?post=52722"}],"version-history":[{"count":0,"href":"https:\/\/noticiasveracruz.com\/index.php\/wp-json\/wp\/v2\/posts\/52722\/revisions"}],"wp:featuredmedia":[{"embeddable":true,"href":"https:\/\/noticiasveracruz.com\/index.php\/wp-json\/wp\/v2\/media\/52728"}],"wp:attachment":[{"href":"https:\/\/noticiasveracruz.com\/index.php\/wp-json\/wp\/v2\/media?parent=52722"}],"wp:term":[{"taxonomy":"category","embeddable":true,"href":"https:\/\/noticiasveracruz.com\/index.php\/wp-json\/wp\/v2\/categories?post=52722"},{"taxonomy":"post_tag","embeddable":true,"href":"https:\/\/noticiasveracruz.com\/index.php\/wp-json\/wp\/v2\/tags?post=52722"}],"curies":[{"name":"wp","href":"https:\/\/api.w.org\/{rel}","templated":true}]}}