{"id":52713,"date":"2025-03-20T00:19:26","date_gmt":"2025-03-20T06:19:26","guid":{"rendered":"https:\/\/noticiasveracruz.com\/?p=52713"},"modified":"2025-03-19T23:14:19","modified_gmt":"2025-03-20T05:14:19","slug":"excelente-conversacion-con-zelensky-dice-trump","status":"publish","type":"post","link":"https:\/\/noticiasveracruz.com\/index.php\/2025\/03\/20\/excelente-conversacion-con-zelensky-dice-trump\/","title":{"rendered":"\u00abExcelente\u00bb conversaci\u00f3n con Zelensky, dice Trump"},"content":{"rendered":"<div id=\"article-content-tts\" class=\"nota-contenido mb-5\">\n<div id=\"content_nitf\">\n<p class=\"nota-justify\">El presidente de Estados Unidos, Donald Trump, calific\u00f3 de \u201cexcelente\u201d la conversaci\u00f3n que mantuvo este mi\u00e9rcoles, durante m\u00e1s o menos una hora en ingl\u00e9s, con su hom\u00f3logo ucranio, Volodymir Zelensky, quien acept\u00f3 la propuesta de no atacar la infraestructura energ\u00e9tica rusa, un d\u00eda despu\u00e9s de que el Kremlin hizo lo propio.<\/p>\n<p class=\"nota-justify\">\u201cUno de los primeros pasos para alcanzar el fin definitivo de esta guerra podr\u00eda ser suspender los ataques a la infraestructura energ\u00e9tica y de otro tipo civil. Apoy\u00e9 este paso, y Ucrania confirm\u00f3 que nosotros estamos dispuestos a llevarla a la pr\u00e1ctica\u201d, escribi\u00f3 Zelensky s\u00f3lo en ingl\u00e9s en su red\u00a0<i>X<\/i>\u00a0al t\u00e9rmino de su pl\u00e1tica con Trump, que defini\u00f3 como \u201cpositiva, sincera y muy sustancial\u201d.<\/p>\n<p class=\"nota-justify\">De su lado, Trump coment\u00f3 en su red\u00a0<i>Truth<\/i>\u00a0que \u201cla mayor parte de la discusi\u00f3n (con Zelensky) se centr\u00f3 en la llamada telef\u00f3nica con el presidente (ruso, Vladimir) Putin con el prop\u00f3sito de armonizar las peticiones y necesidades tanto de Rusia como de Ucrania\u201d.<\/p>\n<p class=\"nota-justify\">Seg\u00fan el magnate republicano, \u201ctodo va como estaba previsto y le ped\u00ed al secretario de Estado (Marco) Rubio y al consejero de seguridad nacional, Mike Waltz, que describan con precisi\u00f3n los temas discutidos. La respectiva declaraci\u00f3n se dar\u00e1 a conocer muy pronto\u201d, anunci\u00f3.<\/p>\n<p class=\"nota-justify\">Y en efecto, poco despu\u00e9s Rubio y Waltz emitieron una declaraci\u00f3n que, tras subrayar que Zelensky agradeci\u00f3 varias veces el apoyo que Trump brinda a Ucrania, confirma que el ucranio acept\u00f3 la iniciativa de tregua parcial del estadunidense.<\/p>\n<p class=\"nota-justify\">De acuerdo con estos funcionarios, Zelensky pidi\u00f3 m\u00e1s sistemas de defensa antia\u00e9rea, en especial\u00a0<i>Patriot<\/i>, para proteger a su poblaci\u00f3n y Trump \u201cprometi\u00f3 buscar que hay disponible en este sentido, sobre todo en Europa\u201d.<\/p>\n<p class=\"nota-justify\">Llama la atenci\u00f3n que, al analizar lo que est\u00e1 pasando en la regi\u00f3n rusa de Kursk, Trump no insisti\u00f3 m\u00e1s en la versi\u00f3n que le proporcion\u00f3 Putin de que \u201910 mil soldados ucranios estaban rodeados ah\u00ed\u2019, y acord\u00f3 con Zelensky \u201cintercambiar de modo activo informaci\u00f3n de los Estados Mayores de sus ej\u00e9rcitos conforme evolucione la situaci\u00f3n en los campos de batalla\u201d.<\/p>\n<p class=\"nota-justify\">Asimismo, el inquilino de la Casa Blanca se mostr\u00f3 especialmente interesado al sondear una posibilidad que promete m\u00e1s ganancias que el convenio sobre tierras raras, aparentemente relegado a segundo plano: que Ucrania venda a empresas estadunidenses sus centrales hidroel\u00e9ctricas y at\u00f3micas.<\/p>\n<p class=\"nota-justify\">Argument\u00f3 que ello traer\u00eda muchos beneficios a Ucrania debido a que \u201cla propiedad estadunidense sobre estas instalaciones ser\u00eda su mejor defensa y un apoyo importante a su infraestructura energ\u00e9tica\u201d, dando a entender lo que ha dicho en otras ocasiones en el sentido de que \u201cnadie se atrever\u00eda a atacarlas\u201d.<\/p>\n<p class=\"nota-justify\">Se espera que esta misma semana la diplomacia indirecta que est\u00e1 propiciando Trump se traslade de nuevo a Arabia Saudita, la cual se ofreci\u00f3 a ser sede de las negociaciones que est\u00e1 previsto que sostengan Estados Unidos y Rusia, por un lado, y por el otro, Estados Unidos y Ucrania.<\/p>\n<p class=\"nota-justify\">Los negociadores tratar\u00e1n de resolver las cuestiones t\u00e9cnicas relacionadas con el cumplimiento de la tregua parcial energ\u00e9tica y explorar la posibilidad de ampliarla a crear condiciones para una navegaci\u00f3n segura en el mar Negro, es decir, procurar\u00e1n sortear las numerosas objeciones de Mosc\u00fa y Kiev.<\/p>\n<p class=\"nota-justify\">La experiencia de esta madrugada (mi\u00e9rcoles) no result\u00f3 muy halagadora: horas despu\u00e9s de que Trump y Putin acordaron no atacar instalaciones energ\u00e9ticas durante 30 d\u00edas, Rusia y Ucrania se acusaron de violar la tregua parcial, aunque en sentido estricto s\u00f3lo est\u00e9 mi\u00e9rcoles Zelensky acept\u00f3 sumarse al entendimiento.<\/p>\n<p class=\"nota-justify\">El ministerio ruso de Defensa lleg\u00f3 a decir que en el momento mismo que Putin dio la orden de no atacar ese tipo de infraestructuras, siete drones volaban en direcci\u00f3n hacia \u201cinstalaciones energ\u00e9ticas de tipo militar\u201d en la regi\u00f3n ucrania de Mikolaiv y un cazabombardero ruso tuvo que derribar sus propios aparatos a\u00e9reos no tripulados.<\/p>\n<p class=\"nota-justify\">Su contraparte ucrania, asever\u00f3 que misiles rusos impactaron en infraestructuras energ\u00e9ticas de la empresa nacional ferroviaria en la regi\u00f3n de Dnipr\u00f3 y en el sistema el\u00e9ctrico de la ciudad de Sloviansk, en Donietsk.<\/p>\n<p class=\"nota-justify\">Mosc\u00fa, de su lado, responsabiliz\u00f3 a Kiev de atacar con drones un dep\u00f3sito de petr\u00f3leo en la regi\u00f3n rusa de Krasnodar, que provocaron un gran incendio en sus instalaciones.<\/p>\n<p class=\"nota-justify\">La noticia positiva del d\u00eda lleg\u00f3 con la mediaci\u00f3n de Emiratos \u00c1rabes Unidos: el canje de 175 prisioneros de guerra cada uno, intercambio que adelant\u00f3 Putin en su conversaci\u00f3n con Trump.<\/p>\n<\/div>\n<\/div>\n<div class=\"notas-relacionadas\"><\/div>\n<div class=\"nota-tags\"><\/div>\n","protected":false},"excerpt":{"rendered":"<p>El presidente de Estados Unidos, Donald Trump, calific\u00f3 de \u201cexcelente\u201d la conversaci\u00f3n que mantuvo este mi\u00e9rcoles, durante m\u00e1s o menos<\/p>\n","protected":false},"author":4,"featured_media":52714,"comment_status":"closed","ping_status":"closed","sticky":false,"template":"","format":"standard","meta":{"colormag_page_container_layout":"default_layout","colormag_page_sidebar_layout":"default_layout","_jetpack_memberships_contains_paid_content":false,"footnotes":"","jetpack_publicize_message":"","jetpack_publicize_feature_enabled":true,"jetpack_social_post_already_shared":true,"jetpack_social_options":{"image_generator_settings":{"template":"highway","default_image_id":0,"font":"","enabled":false},"version":2}},"categories":[355],"tags":[],"class_list":["post-52713","post","type-post","status-publish","format-standard","has-post-thumbnail","hentry","category-internacional"],"jetpack_publicize_connections":[],"jetpack_featured_media_url":"https:\/\/noticiasveracruz.com\/wp-content\/uploads\/2025\/03\/TZ.jpg","jetpack_sharing_enabled":true,"publishpress_future_action":{"enabled":false,"date":"2026-05-08 04:20:07","action":"change-status","newStatus":"draft","terms":[],"taxonomy":"category","extraData":[]},"publishpress_future_workflow_manual_trigger":{"enabledWorkflows":[]},"_links":{"self":[{"href":"https:\/\/noticiasveracruz.com\/index.php\/wp-json\/wp\/v2\/posts\/52713","targetHints":{"allow":["GET"]}}],"collection":[{"href":"https:\/\/noticiasveracruz.com\/index.php\/wp-json\/wp\/v2\/posts"}],"about":[{"href":"https:\/\/noticiasveracruz.com\/index.php\/wp-json\/wp\/v2\/types\/post"}],"author":[{"embeddable":true,"href":"https:\/\/noticiasveracruz.com\/index.php\/wp-json\/wp\/v2\/users\/4"}],"replies":[{"embeddable":true,"href":"https:\/\/noticiasveracruz.com\/index.php\/wp-json\/wp\/v2\/comments?post=52713"}],"version-history":[{"count":0,"href":"https:\/\/noticiasveracruz.com\/index.php\/wp-json\/wp\/v2\/posts\/52713\/revisions"}],"wp:featuredmedia":[{"embeddable":true,"href":"https:\/\/noticiasveracruz.com\/index.php\/wp-json\/wp\/v2\/media\/52714"}],"wp:attachment":[{"href":"https:\/\/noticiasveracruz.com\/index.php\/wp-json\/wp\/v2\/media?parent=52713"}],"wp:term":[{"taxonomy":"category","embeddable":true,"href":"https:\/\/noticiasveracruz.com\/index.php\/wp-json\/wp\/v2\/categories?post=52713"},{"taxonomy":"post_tag","embeddable":true,"href":"https:\/\/noticiasveracruz.com\/index.php\/wp-json\/wp\/v2\/tags?post=52713"}],"curies":[{"name":"wp","href":"https:\/\/api.w.org\/{rel}","templated":true}]}}