{"id":52683,"date":"2025-03-20T00:09:33","date_gmt":"2025-03-20T06:09:33","guid":{"rendered":"https:\/\/noticiasveracruz.com\/?p=52683"},"modified":"2025-03-19T22:48:27","modified_gmt":"2025-03-20T04:48:27","slug":"primer-ministro-canadiense-abierto-a-negociar-con-eu","status":"publish","type":"post","link":"https:\/\/noticiasveracruz.com\/index.php\/2025\/03\/20\/primer-ministro-canadiense-abierto-a-negociar-con-eu\/","title":{"rendered":"Primer ministro canadiense, abierto a negociar con EU"},"content":{"rendered":"<p class=\"nota-justify\">El nuevo primer ministro de Canad\u00e1, Mark Carney, asegur\u00f3 este mi\u00e9rcoles que su pa\u00eds est\u00e1 abierto a una \u201cnegociaci\u00f3n integral\u201d con Estados Unidos, pero, reiter\u00f3, a condici\u00f3n de que \u201cse le muestre respeto como naci\u00f3n soberana\u201d, en medio de la guerra comercial desatada por la decisi\u00f3n del inquilino de la Casa Blanca, Donald Trump, de incrementar en 25 por ciento los aranceles al acero y al aluminio importados de su vecino del norte.<\/p>\n<p class=\"nota-justify\">\u201cEstamos dispuestos a comprometernos con Estados Unidos en una negociaci\u00f3n integral, cuando a Canad\u00e1 se le muestre respeto como naci\u00f3n soberana\u201d, escribi\u00f3 en su cuenta de la red social X, tras una reuni\u00f3n telem\u00e1tica con el Consejo de Relaciones Canad\u00e1-Estados Unidos.<\/p>\n<p class=\"nota-justify\">Durante el encuentro con este grupo de asesores formado por \u201cl\u00edderes del mundo empresarial, de la innovaci\u00f3n y de la pol\u00edtica\u201d, Carney y su gabinete abordaron estrategias para \u201cmantener fuerte la econom\u00eda\u201d canadiense frente a unos aranceles calificados de \u201cinjustos\u201d, indic\u00f3 un comunicado de la oficina del primer ministro.<\/p>\n<p class=\"nota-justify\">No obstante, el nuevo l\u00edder de los Liberales de Canad\u00e1 sigue considerando relevante \u201ccolaborar con\u201d las autoridades estadunidenses \u201csobre la base del respeto mutuo\u201d, si bien destac\u00f3 la necesidad de establecer lazos \u201ccomerciales con nuevos socios\u201d, as\u00ed como de \u201cconstruir la econom\u00eda m\u00e1s fuerte del G7 (y) reforzar la seguridad en el \u00c1rtico\u201d.<\/p>\n","protected":false},"excerpt":{"rendered":"<p>El nuevo primer ministro de Canad\u00e1, Mark Carney, asegur\u00f3 este mi\u00e9rcoles que su pa\u00eds est\u00e1 abierto a una \u201cnegociaci\u00f3n integral\u201d<\/p>\n","protected":false},"author":4,"featured_media":52684,"comment_status":"closed","ping_status":"closed","sticky":false,"template":"","format":"standard","meta":{"colormag_page_container_layout":"default_layout","colormag_page_sidebar_layout":"default_layout","_jetpack_memberships_contains_paid_content":false,"footnotes":"","jetpack_publicize_message":"","jetpack_publicize_feature_enabled":true,"jetpack_social_post_already_shared":true,"jetpack_social_options":{"image_generator_settings":{"template":"highway","default_image_id":0,"font":"","enabled":false},"version":2}},"categories":[1947],"tags":[],"class_list":["post-52683","post","type-post","status-publish","format-standard","has-post-thumbnail","hentry","category-economia"],"jetpack_publicize_connections":[],"jetpack_featured_media_url":"https:\/\/noticiasveracruz.com\/wp-content\/uploads\/2025\/03\/CAN-1.jpg","jetpack_sharing_enabled":true,"publishpress_future_action":{"enabled":false,"date":"2026-05-08 06:32:09","action":"change-status","newStatus":"draft","terms":[],"taxonomy":"category","extraData":[]},"publishpress_future_workflow_manual_trigger":{"enabledWorkflows":[]},"_links":{"self":[{"href":"https:\/\/noticiasveracruz.com\/index.php\/wp-json\/wp\/v2\/posts\/52683","targetHints":{"allow":["GET"]}}],"collection":[{"href":"https:\/\/noticiasveracruz.com\/index.php\/wp-json\/wp\/v2\/posts"}],"about":[{"href":"https:\/\/noticiasveracruz.com\/index.php\/wp-json\/wp\/v2\/types\/post"}],"author":[{"embeddable":true,"href":"https:\/\/noticiasveracruz.com\/index.php\/wp-json\/wp\/v2\/users\/4"}],"replies":[{"embeddable":true,"href":"https:\/\/noticiasveracruz.com\/index.php\/wp-json\/wp\/v2\/comments?post=52683"}],"version-history":[{"count":0,"href":"https:\/\/noticiasveracruz.com\/index.php\/wp-json\/wp\/v2\/posts\/52683\/revisions"}],"wp:featuredmedia":[{"embeddable":true,"href":"https:\/\/noticiasveracruz.com\/index.php\/wp-json\/wp\/v2\/media\/52684"}],"wp:attachment":[{"href":"https:\/\/noticiasveracruz.com\/index.php\/wp-json\/wp\/v2\/media?parent=52683"}],"wp:term":[{"taxonomy":"category","embeddable":true,"href":"https:\/\/noticiasveracruz.com\/index.php\/wp-json\/wp\/v2\/categories?post=52683"},{"taxonomy":"post_tag","embeddable":true,"href":"https:\/\/noticiasveracruz.com\/index.php\/wp-json\/wp\/v2\/tags?post=52683"}],"curies":[{"name":"wp","href":"https:\/\/api.w.org\/{rel}","templated":true}]}}