{"id":52680,"date":"2025-03-20T00:08:20","date_gmt":"2025-03-20T06:08:20","guid":{"rendered":"https:\/\/noticiasveracruz.com\/?p=52680"},"modified":"2025-03-19T22:38:08","modified_gmt":"2025-03-20T04:38:08","slug":"tepjf-avala-perdida-de-registro-a-candidatos-que-incurran-en-actos-graves-de-todo-tipo","status":"publish","type":"post","link":"https:\/\/noticiasveracruz.com\/index.php\/2025\/03\/20\/tepjf-avala-perdida-de-registro-a-candidatos-que-incurran-en-actos-graves-de-todo-tipo\/","title":{"rendered":"TEPJF avala p\u00e9rdida de registro a candidatos que incurran en actos graves \u00abde todo tipo\u00bb"},"content":{"rendered":"<p class=\"nota-justify\">Los candidatos de la elecci\u00f3n judicial perder\u00e1n el registro si incurren en hechos graves de todo tipo, es decir, los criterios para fijar esta consecuencia no pueden limitarse a un par de causas, determin\u00f3 el Tribunal Electoral del Poder Judicial de la Federaci\u00f3n (TEPJF).<\/p>\n<p class=\"nota-justify\">Si bien durante la sesi\u00f3n de este mi\u00e9rcoles la Sala Superior ratific\u00f3 el resto de las impugnaciones a los lineamientos de fiscalizaci\u00f3n elaborados por el Instituto Nacional Electoral (INE), por unanimidad se revoc\u00f3 uno de los art\u00edculos del documento, bajo la perspectiva que es necesario ser \u201cestrictos\u201d cuando se deba cancelar una candidatura.<\/p>\n<p class=\"nota-justify\">\u201cLas candidaturas tienen derechos pero est\u00e1n conferidas al cumplimiento de una serie de obligaciones, y en este proceso electivo in\u00e9dito se tiene que buscar la mejor regulaci\u00f3n atendiendo al sistema normativo de manera integral. Esto a efecto de preservar adecuadamente las bases y principios constitucionales\u201d, se\u00f1al\u00f3 Janine Ot\u00e1lora, ponente del caso.<\/p>\n<p class=\"nota-justify\">La magistrada cit\u00f3 una frase del premio nobel de econom\u00eda, Joseph Stigliz: \u2018el dinero habla en la pol\u00edtica, al igual que lo hace en los mercados\u2019.<\/p>\n<p class=\"nota-justify\">Argument\u00f3 que el INE no debi\u00f3 limitar la sanci\u00f3n consistente en la cancelaci\u00f3n del registro de la candidatura a solo dos de las conductas previstas como posibles infracciones (recibir recursos p\u00fablicos y privados, y asistir a eventos proselitistas), sino que ten\u00eda que regularla de forma gen\u00e9rica, de tal manera que sea al momento de analizar cada conducta cuando el aparador jur\u00eddico determine, conforme a las particularidades del caso, cu\u00e1l de todas las sanciones previstas en el cat\u00e1logo es la que debe imponerse .<\/p>\n<p class=\"nota-justify\">M\u00f3nica Soto, magistrada presidenta, coincidi\u00f3 en el proyecto, y destac\u00f3 que la Constituci\u00f3n y la ley electoral contienen \u201cun gran n\u00famero de conductas que desde el punto de vista de fiscalizaci\u00f3n son susceptibles de afectar de manera sustantiva el desarrollo ordinario de los procesos electorales y sus resultados.<\/p>\n<p class=\"nota-justify\">\u201cEn efecto, existen conductas que pueden poner en riesgo los principios constitucionales de las elecciones como la equidad, la transparencia, la rendici\u00f3n de cuentas y otros valores democr\u00e1ticos de las personas contendientes al ejercer recursos en la promoci\u00f3n de sus candidaturas e informar en tiempo real de sus gastos\u201d.<\/p>\n<p class=\"nota-justify\">Acompa\u00f1o la propuesta de que la sanci\u00f3n relativa a la cancelaci\u00f3n de registro se regule de manera gen\u00e9rica para que en cada caso su imposici\u00f3n se derive de la valoraci\u00f3n correspondiente en funci\u00f3n de su contexto y del beneficio indebidamente obtenido, indic\u00f3.<\/p>\n","protected":false},"excerpt":{"rendered":"<p>Los candidatos de la elecci\u00f3n judicial perder\u00e1n el registro si incurren en hechos graves de todo tipo, es decir, los<\/p>\n","protected":false},"author":4,"featured_media":52681,"comment_status":"closed","ping_status":"closed","sticky":false,"template":"","format":"standard","meta":{"colormag_page_container_layout":"default_layout","colormag_page_sidebar_layout":"default_layout","_jetpack_memberships_contains_paid_content":false,"footnotes":"","jetpack_publicize_message":"","jetpack_publicize_feature_enabled":true,"jetpack_social_post_already_shared":true,"jetpack_social_options":{"image_generator_settings":{"template":"highway","default_image_id":0,"font":"","enabled":false},"version":2}},"categories":[4],"tags":[],"class_list":["post-52680","post","type-post","status-publish","format-standard","has-post-thumbnail","hentry","category-nacional"],"jetpack_publicize_connections":[],"jetpack_featured_media_url":"https:\/\/noticiasveracruz.com\/wp-content\/uploads\/2025\/03\/TEP.jpg","jetpack_sharing_enabled":true,"publishpress_future_action":{"enabled":false,"date":"2026-05-08 09:37:47","action":"change-status","newStatus":"draft","terms":[],"taxonomy":"category","extraData":[]},"publishpress_future_workflow_manual_trigger":{"enabledWorkflows":[]},"_links":{"self":[{"href":"https:\/\/noticiasveracruz.com\/index.php\/wp-json\/wp\/v2\/posts\/52680","targetHints":{"allow":["GET"]}}],"collection":[{"href":"https:\/\/noticiasveracruz.com\/index.php\/wp-json\/wp\/v2\/posts"}],"about":[{"href":"https:\/\/noticiasveracruz.com\/index.php\/wp-json\/wp\/v2\/types\/post"}],"author":[{"embeddable":true,"href":"https:\/\/noticiasveracruz.com\/index.php\/wp-json\/wp\/v2\/users\/4"}],"replies":[{"embeddable":true,"href":"https:\/\/noticiasveracruz.com\/index.php\/wp-json\/wp\/v2\/comments?post=52680"}],"version-history":[{"count":0,"href":"https:\/\/noticiasveracruz.com\/index.php\/wp-json\/wp\/v2\/posts\/52680\/revisions"}],"wp:featuredmedia":[{"embeddable":true,"href":"https:\/\/noticiasveracruz.com\/index.php\/wp-json\/wp\/v2\/media\/52681"}],"wp:attachment":[{"href":"https:\/\/noticiasveracruz.com\/index.php\/wp-json\/wp\/v2\/media?parent=52680"}],"wp:term":[{"taxonomy":"category","embeddable":true,"href":"https:\/\/noticiasveracruz.com\/index.php\/wp-json\/wp\/v2\/categories?post=52680"},{"taxonomy":"post_tag","embeddable":true,"href":"https:\/\/noticiasveracruz.com\/index.php\/wp-json\/wp\/v2\/tags?post=52680"}],"curies":[{"name":"wp","href":"https:\/\/api.w.org\/{rel}","templated":true}]}}