{"id":52677,"date":"2025-03-20T00:07:07","date_gmt":"2025-03-20T06:07:07","guid":{"rendered":"https:\/\/noticiasveracruz.com\/?p=52677"},"modified":"2025-03-19T22:35:59","modified_gmt":"2025-03-20T04:35:59","slug":"se-confrontan-morena-y-oposicion-en-senado-por-caso-teuchitlan","status":"publish","type":"post","link":"https:\/\/noticiasveracruz.com\/index.php\/2025\/03\/20\/se-confrontan-morena-y-oposicion-en-senado-por-caso-teuchitlan\/","title":{"rendered":"Se confrontan Morena y oposici\u00f3n en Senado por caso Teuchitl\u00e1n"},"content":{"rendered":"<p class=\"nota-justify\">Morena y la oposici\u00f3n se confrontaron este d\u00eda en el Senado por el caso de Teuchitl\u00e1n, Jalisco. Los guindas acusaron a panistas y pri\u00edstas de querer sacar provecho pol\u00edtico y de convertir una tragedia en un acto grotesco y deshumano, luego de que aquellos exhibieron zapatos en la tribuna, evocando a quienes se encuentran desaparecidos.<\/p>\n<p class=\"nota-justify\">El senador guinda Carlos Lomel\u00ed les ech\u00f3 en cara la campa\u00f1a sucia que han instrumentado para \u201cdistorsionar la realidad y atacar a quienes est\u00e1n comprometidos con la justicia\u201d, tras recordarles que \u201ctienen una larga cola que les pisen\u201d.<\/p>\n<p class=\"nota-justify\">Alejandro Moreno, dirigente y senador del PRI, exigi\u00f3 en conferencia de prensa, que se investigue al ex gobernador de Jalisco, Enrique Alfaro, pues todo lo sucedido en Teuchitl\u00e1n, ocurri\u00f3 en las narices del gobierno de Movimiento Ciudadano (MC).<\/p>\n<p class=\"nota-justify\">Tambi\u00e9n se fue contra la administraci\u00f3n federal morenista, a quien no s\u00f3lo acus\u00f3 de tener al pa\u00eds en la peor crisis de inseguridad que se haya vivido, sino tambi\u00e9n de tratar de desviar la atenci\u00f3n de los acontecido en Jalisco. En ese contexto, present\u00f3 una moci\u00f3n para que se destituya a Gerardo Fern\u00e1ndez Noro\u00f1a como presidente del Senado, por descalificar a las madres buscadoras.<\/p>\n<p class=\"nota-justify\">Por el PAN, Marko Cort\u00e9s anunci\u00f3 que acudir\u00e1 a instancias internacionales, como la Comisi\u00f3n Interamericana de Derechos Humanos, para que se integre un grupo interdisciplinario que investigue de forma independiente lo ocurrido.<\/p>\n<p class=\"nota-justify\">En el pleno, el tricolor despleg\u00f3 dos grandes mantas en las que pidi\u00f3 tanto a MC como al partido guinda dar la cara y hacerse responsables de los hechos registrados en el citado lugar. Junto a la leyenda, se pod\u00eda apreciar una fotograf\u00eda con cientos de zapatos amontonados y varias veladoras.<\/p>\n<p class=\"nota-justify\">Por Morena, el senado jalisciense Carlos Lomel\u00ed dijo que las grandes omisiones en que incurri\u00f3 la fiscal\u00eda de su estado, dadas a conocer por la Fiscal\u00eda General de la Rep\u00fablica, evidencian la urgencia de que este caso sea manejado con el rigor que exige la sociedad.<\/p>\n<p class=\"nota-justify\">Agreg\u00f3 que no habr\u00e1 en el tema una nueva versi\u00f3n de la \u201cverdad hist\u00f3rica\u201d, pues las investigaciones ser\u00e1n transparentes y se llegar\u00e1 hasta las \u00faltimas consecuencias.<\/p>\n<p class=\"nota-justify\">Llam\u00f3 al pueblo a seguir exigiendo justicia, pero tambi\u00e9n a reconocer cuando un gobierno est\u00e1 dispuesto a enfrentar el problema y \u201cno a esconderlo bajo la alfombra como lo hac\u00edan los del pasado\u201d.<\/p>\n<p class=\"nota-justify\">Por Movimiento Ciudadano, el senador Francisco Daniel Barreda asegur\u00f3 que su partido no es tapadera de nadie y no se va a quedar callado ante la omisi\u00f3n de las autoridades sean federales, estatales o municipales.<\/p>\n<p class=\"nota-justify\">La justicia no puede ser reh\u00e9n de la politiquer\u00eda, la obligaci\u00f3n del Estado es investigar y esclarecer estos hechos con toda transparencia, subray\u00f3.<\/p>\n<p class=\"nota-justify\">El emecista critico la reducci\u00f3n del presupuesto de las instituciones encargadas de la b\u00fasqueda de personas desaparecidas y que las polic\u00edas locales carecen de herramientas para enfrentar a la delincuencia organizada. En esas circunstancias, pregunt\u00f3 c\u00f3mo se puede responder a las familias de los desaparecidos.<\/p>\n<p class=\"nota-justify\">Por ello, pidi\u00f3 fortalecer a la Comisi\u00f3n Nacional de B\u00fasqueda con m\u00e1s recursos y facultades, y otras medidas para atender la problem\u00e1tica.<\/p>\n<p class=\"nota-justify\">En sesi\u00f3n del pleno senatorial, PAN y PRI presentaron iniciativas de reformas para enfrentar el fen\u00f3meno de los desaparecidos, y desde Estrasburgo, Francia, Fern\u00e1ndez Noro\u00f1a calific\u00f3 como una cobard\u00eda que se pida su remoci\u00f3n cuando est\u00e1 fuera del pa\u00eds en una reuni\u00f3n internacional de parlamentarios. Pero anunci\u00f3 que ser\u00e1 la pr\u00f3xima semana cuando responda a ese planteamiento del tricolor.<\/p>\n","protected":false},"excerpt":{"rendered":"<p>Morena y la oposici\u00f3n se confrontaron este d\u00eda en el Senado por el caso de Teuchitl\u00e1n, Jalisco. Los guindas acusaron<\/p>\n","protected":false},"author":4,"featured_media":52678,"comment_status":"closed","ping_status":"closed","sticky":false,"template":"","format":"standard","meta":{"colormag_page_container_layout":"default_layout","colormag_page_sidebar_layout":"default_layout","_jetpack_memberships_contains_paid_content":false,"footnotes":"","jetpack_publicize_message":"","jetpack_publicize_feature_enabled":true,"jetpack_social_post_already_shared":true,"jetpack_social_options":{"image_generator_settings":{"template":"highway","default_image_id":0,"font":"","enabled":false},"version":2}},"categories":[4],"tags":[],"class_list":["post-52677","post","type-post","status-publish","format-standard","has-post-thumbnail","hentry","category-nacional"],"jetpack_publicize_connections":[],"jetpack_featured_media_url":"https:\/\/noticiasveracruz.com\/wp-content\/uploads\/2025\/03\/YA.jpg","jetpack_sharing_enabled":true,"publishpress_future_action":{"enabled":false,"date":"2026-05-08 10:36:26","action":"change-status","newStatus":"draft","terms":[],"taxonomy":"category","extraData":[]},"publishpress_future_workflow_manual_trigger":{"enabledWorkflows":[]},"_links":{"self":[{"href":"https:\/\/noticiasveracruz.com\/index.php\/wp-json\/wp\/v2\/posts\/52677","targetHints":{"allow":["GET"]}}],"collection":[{"href":"https:\/\/noticiasveracruz.com\/index.php\/wp-json\/wp\/v2\/posts"}],"about":[{"href":"https:\/\/noticiasveracruz.com\/index.php\/wp-json\/wp\/v2\/types\/post"}],"author":[{"embeddable":true,"href":"https:\/\/noticiasveracruz.com\/index.php\/wp-json\/wp\/v2\/users\/4"}],"replies":[{"embeddable":true,"href":"https:\/\/noticiasveracruz.com\/index.php\/wp-json\/wp\/v2\/comments?post=52677"}],"version-history":[{"count":0,"href":"https:\/\/noticiasveracruz.com\/index.php\/wp-json\/wp\/v2\/posts\/52677\/revisions"}],"wp:featuredmedia":[{"embeddable":true,"href":"https:\/\/noticiasveracruz.com\/index.php\/wp-json\/wp\/v2\/media\/52678"}],"wp:attachment":[{"href":"https:\/\/noticiasveracruz.com\/index.php\/wp-json\/wp\/v2\/media?parent=52677"}],"wp:term":[{"taxonomy":"category","embeddable":true,"href":"https:\/\/noticiasveracruz.com\/index.php\/wp-json\/wp\/v2\/categories?post=52677"},{"taxonomy":"post_tag","embeddable":true,"href":"https:\/\/noticiasveracruz.com\/index.php\/wp-json\/wp\/v2\/tags?post=52677"}],"curies":[{"name":"wp","href":"https:\/\/api.w.org\/{rel}","templated":true}]}}