{"id":52671,"date":"2025-03-20T00:05:53","date_gmt":"2025-03-20T06:05:53","guid":{"rendered":"https:\/\/noticiasveracruz.com\/?p=52671"},"modified":"2025-03-19T22:31:53","modified_gmt":"2025-03-20T04:31:53","slug":"avalan-pago-de-compensacion-economica-a-parte-del-personal-del-inai","status":"publish","type":"post","link":"https:\/\/noticiasveracruz.com\/index.php\/2025\/03\/20\/avalan-pago-de-compensacion-economica-a-parte-del-personal-del-inai\/","title":{"rendered":"Avalan pago de compensaci\u00f3n econ\u00f3mica a parte del personal del INAI"},"content":{"rendered":"<p class=\"nota-justify\">En el segundo d\u00eda de tensas protestas de trabajadores del Instituto Nacional de Transparencia, Acceso a la Informaci\u00f3n y protecci\u00f3n de Datos Personales (INAI) que demandan claridad sobre su futuro laboral, la titular de la Secretar\u00eda Anticorrupci\u00f3n y Buen Gobierno, Raquel Buenrosrtro, aval\u00f3 este mi\u00e9rcoles el pago de una compensaci\u00f3n econ\u00f3mica para una parte del personal del instituto en v\u00edas de extinci\u00f3n.<\/p>\n<p class=\"nota-justify\">As\u00ed lo inform\u00f3 esta noche el comisionado presidente del organismo, Adri\u00e1n Alcal\u00e1, quien a trav\u00e9s de un mensaje en video, se\u00f1al\u00f3 que Buenrostro se comprometi\u00f3 a acudir al INAI este viernes en una llamada telef\u00f3nica que sostuvo con las comisionadas Norma Julieta del R\u00edo, Josefina Rom\u00e1n, y Blanca Lilia Ibarra, a quienes la secretaria \u201cles confirm\u00f3 que la propuesta que hizo esta presidencia para gratificar, para otorgar un est\u00edmulo por la conclusi\u00f3n o la extinci\u00f3n del INAI es legal y es procedente\u201d.<\/p>\n<p class=\"nota-justify\">Y es que el martes, Alcal\u00e1 hab\u00eda presentado la citada propuesta en una sesi\u00f3n del pleno, pero fue desechada con los votos en contra de las tres comisionadas, que se\u00f1alaron que no fueron informadas previamente por Alcal\u00e1 de los detalles de la propuesta, que la misma podr\u00eda incumplir con la legalidad, que beneficiaba de manera ventajosa a un grupo de trabajadores que se ampararon en contra de las leyes que impiden que los servidores p\u00fablicos ganen m\u00e1s que la presidenta de la Rep\u00fablica al tiempo que no garantizaba los derechos de los m\u00e1s de 750 trabajadores del INAI.<\/p>\n<p class=\"nota-justify\">Alcal\u00e1 se\u00f1al\u00f3 que de esta manera se podr\u00e1 liquidar al personal de carrera que decida renunciar a sus puestos, mientras que queda pendiente una soluci\u00f3n para 315 trabajadores que conforman el personal de libre designaci\u00f3n.<\/p>\n<p class=\"nota-justify\">\u201cMe da much\u00edsimo gusto que hayan reflexionado y que tambi\u00e9n se les haya confirmado la legalidad, porque la autonom\u00eda de esta instituci\u00f3n se sigue ejerciendo, y en esa autonom\u00eda podemos nosotros, con total responsabilidad y transparencia, ejercitar o ejercer nuestro presupuesto\u201d, dijo Alcal\u00e1.<\/p>\n<p class=\"nota-justify\">El mensaje del comisionado se dio al t\u00e9rmino de una jornada en la un grupo de trabajadores realiz\u00f3 una protesta a las afueras de la sede del INAI y realiz\u00f3 bloqueos en Insurgentes Sur.<\/p>\n<p class=\"nota-justify\">Los servidores p\u00fablicos colocaron carteles y cintas amarillas en exigencia de liquidaciones, respeto a su antig\u00fcedad y certeza sobre su futuro una vez que el INAI desaparezca y su estructura sea absorbida por la Secretar\u00eda Anticorrupci\u00f3n, lo que suceder\u00e1 en breve.<\/p>\n<p class=\"nota-justify\">Los trabajadores cerraron la vialidad, lo que afect\u00f3 la circulaci\u00f3n de la L\u00ednea 1 del Metrob\u00fas. Los comisionados del INAI intentaron ingresar por la ma\u00f1ana al edificio, pero el paso les fue negado.<\/p>\n<p class=\"nota-justify\">A eso de las tres de la tarde, decenas de polic\u00edas con equipo antimotines llegaron al lugar y encapsularon a los manifestantes, que demandaron respuestas de las autoridades del INAI y de la Secretar\u00eda Anticorrupci\u00f3n.<\/p>\n<p class=\"nota-justify\">Este jueves, est\u00e1 programado que el pleno del INAI retome su \u00faltima sesi\u00f3n p\u00fablica antes de su extinci\u00f3n, la cual est\u00e1 en receso desde el martes. Alcal\u00e1 indic\u00f3 que el viernes por la tarde, Buenrostro estar\u00e1 en la sede del instituto.<\/p>\n","protected":false},"excerpt":{"rendered":"<p>En el segundo d\u00eda de tensas protestas de trabajadores del Instituto Nacional de Transparencia, Acceso a la Informaci\u00f3n y protecci\u00f3n<\/p>\n","protected":false},"author":4,"featured_media":52672,"comment_status":"closed","ping_status":"closed","sticky":false,"template":"","format":"standard","meta":{"colormag_page_container_layout":"default_layout","colormag_page_sidebar_layout":"default_layout","_jetpack_memberships_contains_paid_content":false,"footnotes":"","jetpack_publicize_message":"","jetpack_publicize_feature_enabled":true,"jetpack_social_post_already_shared":true,"jetpack_social_options":{"image_generator_settings":{"template":"highway","default_image_id":0,"font":"","enabled":false},"version":2}},"categories":[4],"tags":[],"class_list":["post-52671","post","type-post","status-publish","format-standard","has-post-thumbnail","hentry","category-nacional"],"jetpack_publicize_connections":[],"jetpack_featured_media_url":"https:\/\/noticiasveracruz.com\/wp-content\/uploads\/2025\/03\/IN-2.jpg","jetpack_sharing_enabled":true,"publishpress_future_action":{"enabled":false,"date":"2026-05-08 12:18:35","action":"change-status","newStatus":"draft","terms":[],"taxonomy":"category","extraData":[]},"publishpress_future_workflow_manual_trigger":{"enabledWorkflows":[]},"_links":{"self":[{"href":"https:\/\/noticiasveracruz.com\/index.php\/wp-json\/wp\/v2\/posts\/52671","targetHints":{"allow":["GET"]}}],"collection":[{"href":"https:\/\/noticiasveracruz.com\/index.php\/wp-json\/wp\/v2\/posts"}],"about":[{"href":"https:\/\/noticiasveracruz.com\/index.php\/wp-json\/wp\/v2\/types\/post"}],"author":[{"embeddable":true,"href":"https:\/\/noticiasveracruz.com\/index.php\/wp-json\/wp\/v2\/users\/4"}],"replies":[{"embeddable":true,"href":"https:\/\/noticiasveracruz.com\/index.php\/wp-json\/wp\/v2\/comments?post=52671"}],"version-history":[{"count":0,"href":"https:\/\/noticiasveracruz.com\/index.php\/wp-json\/wp\/v2\/posts\/52671\/revisions"}],"wp:featuredmedia":[{"embeddable":true,"href":"https:\/\/noticiasveracruz.com\/index.php\/wp-json\/wp\/v2\/media\/52672"}],"wp:attachment":[{"href":"https:\/\/noticiasveracruz.com\/index.php\/wp-json\/wp\/v2\/media?parent=52671"}],"wp:term":[{"taxonomy":"category","embeddable":true,"href":"https:\/\/noticiasveracruz.com\/index.php\/wp-json\/wp\/v2\/categories?post=52671"},{"taxonomy":"post_tag","embeddable":true,"href":"https:\/\/noticiasveracruz.com\/index.php\/wp-json\/wp\/v2\/tags?post=52671"}],"curies":[{"name":"wp","href":"https:\/\/api.w.org\/{rel}","templated":true}]}}