{"id":52662,"date":"2025-03-20T00:02:02","date_gmt":"2025-03-20T06:02:02","guid":{"rendered":"https:\/\/noticiasveracruz.com\/?p=52662"},"modified":"2025-03-19T22:20:50","modified_gmt":"2025-03-20T04:20:50","slug":"takilhsukut-recibe-a-visitantes-con-una-imagen-renovada","status":"publish","type":"post","link":"https:\/\/noticiasveracruz.com\/index.php\/2025\/03\/20\/takilhsukut-recibe-a-visitantes-con-una-imagen-renovada\/","title":{"rendered":"Takilhsukut recibe a visitantes con una imagen renovada"},"content":{"rendered":"<p>Con el inicio de Cumbre Taj\u00edn, el Parque Tem\u00e1tico Takilhsukut recibe a visitantes con una imagen renovada, resultado de los trabajos de remodelaci\u00f3n realizados por el Gobierno de Veracruz, para ofrecer un espacio lleno de cultura y tradici\u00f3n y que turistas y asistentes disfruten de una experiencia inigualable.<\/p>\n<p>La secretaria de Cultura de Veracruz (SECVER), X\u00f3chitl Molina Gonz\u00e1lez, destac\u00f3 que, tras la visita de la gobernadora Roc\u00edo Nahle Garc\u00eda a principios de enero, se dio la instrucci\u00f3n de rehabilitar integralmente todas las \u00e1reas del recinto, con el objetivo de garantizar una experiencia \u00f3ptima para los asistentes.<\/p>\n<p>\u201cSe aplicaron recursos a trav\u00e9s de la Secretar\u00eda de Infraestructura y Obra P\u00fablica, y hoy vemos los resultados. Esto nos permite recibir como se merece a todo el turismo. De hecho, ya lleg\u00f3 un grupo de visitantes espa\u00f1oles, resultado de la promoci\u00f3n en la Feria Internacional de Turismo (FITUR)\u201d, se\u00f1al\u00f3.<\/p>\n<p>Adem\u00e1s, resalt\u00f3 el operativo de seguridad implementado para el desarrollo del Festival de la Identidad, en el que participan alrededor de 600 elementos de distintas fuerzas de tarea federal, estatal y municipal.<\/p>\n<p>El Parque Tem\u00e1tico Takilhsukut tambi\u00e9n ofrece un \u00e1rea de campamento para quienes desean pernoctar y disfrutar del entorno natural, \u201ces un espacio seguro, c\u00f3modo, higi\u00e9nico y con un costo m\u00ednimo\u201d, afirm\u00f3.<\/p>\n<p>Finalmente, la titular de SECVER destac\u00f3 las obras de reconstrucci\u00f3n y asfaltado de la carretera de acceso a la zona arqueol\u00f3gica, \u00abla Gobernadora se puso manos a la obra y, desde el inicio de su administraci\u00f3n, ha trabajado en la mejora de las carreteras\u201d, sostuvo.<\/p>\n","protected":false},"excerpt":{"rendered":"<p>Con el inicio de Cumbre Taj\u00edn, el Parque Tem\u00e1tico Takilhsukut recibe a visitantes con una imagen renovada, resultado de los<\/p>\n","protected":false},"author":4,"featured_media":52663,"comment_status":"closed","ping_status":"closed","sticky":false,"template":"","format":"standard","meta":{"colormag_page_container_layout":"default_layout","colormag_page_sidebar_layout":"default_layout","_jetpack_memberships_contains_paid_content":false,"footnotes":"","jetpack_publicize_message":"","jetpack_publicize_feature_enabled":true,"jetpack_social_post_already_shared":true,"jetpack_social_options":{"image_generator_settings":{"template":"highway","default_image_id":0,"font":"","enabled":false},"version":2}},"categories":[356],"tags":[],"class_list":["post-52662","post","type-post","status-publish","format-standard","has-post-thumbnail","hentry","category-veracruz"],"jetpack_publicize_connections":[],"jetpack_featured_media_url":"https:\/\/noticiasveracruz.com\/wp-content\/uploads\/2025\/03\/9c-8.jpg","jetpack_sharing_enabled":true,"publishpress_future_action":{"enabled":false,"date":"2026-05-10 04:10:11","action":"change-status","newStatus":"draft","terms":[],"taxonomy":"category","extraData":[]},"publishpress_future_workflow_manual_trigger":{"enabledWorkflows":[]},"_links":{"self":[{"href":"https:\/\/noticiasveracruz.com\/index.php\/wp-json\/wp\/v2\/posts\/52662","targetHints":{"allow":["GET"]}}],"collection":[{"href":"https:\/\/noticiasveracruz.com\/index.php\/wp-json\/wp\/v2\/posts"}],"about":[{"href":"https:\/\/noticiasveracruz.com\/index.php\/wp-json\/wp\/v2\/types\/post"}],"author":[{"embeddable":true,"href":"https:\/\/noticiasveracruz.com\/index.php\/wp-json\/wp\/v2\/users\/4"}],"replies":[{"embeddable":true,"href":"https:\/\/noticiasveracruz.com\/index.php\/wp-json\/wp\/v2\/comments?post=52662"}],"version-history":[{"count":0,"href":"https:\/\/noticiasveracruz.com\/index.php\/wp-json\/wp\/v2\/posts\/52662\/revisions"}],"wp:featuredmedia":[{"embeddable":true,"href":"https:\/\/noticiasveracruz.com\/index.php\/wp-json\/wp\/v2\/media\/52663"}],"wp:attachment":[{"href":"https:\/\/noticiasveracruz.com\/index.php\/wp-json\/wp\/v2\/media?parent=52662"}],"wp:term":[{"taxonomy":"category","embeddable":true,"href":"https:\/\/noticiasveracruz.com\/index.php\/wp-json\/wp\/v2\/categories?post=52662"},{"taxonomy":"post_tag","embeddable":true,"href":"https:\/\/noticiasveracruz.com\/index.php\/wp-json\/wp\/v2\/tags?post=52662"}],"curies":[{"name":"wp","href":"https:\/\/api.w.org\/{rel}","templated":true}]}}