{"id":52657,"date":"2025-03-19T22:04:53","date_gmt":"2025-03-20T04:04:53","guid":{"rendered":"https:\/\/noticiasveracruz.com\/?p=52657"},"modified":"2025-03-19T22:04:53","modified_gmt":"2025-03-20T04:04:53","slug":"la-carta-de-carranza","status":"publish","type":"post","link":"https:\/\/noticiasveracruz.com\/index.php\/2025\/03\/19\/la-carta-de-carranza\/","title":{"rendered":"LA CARTA DE CARRANZA"},"content":{"rendered":"<p>La Constituci\u00f3n Pol\u00edtica de los Estados Unidos Mexicanos; ha decrecido en el otorgamiento de los derechos de los que goza todo mexicano y extranjero que se encuentre en territorio nacional. Durante el neoliberalismo y la Cuarta Transformaci\u00f3n de la Naci\u00f3n, con \u00a0su llamado segundo piso \u00a0se ha determinado la forma arbitraria y demag\u00f3gica \u00a0con\u00a0 la que debe de ser conducido juridicamente\u00a0 el Estado.<\/p>\n<p>Estas caracter\u00edsticas, entre otras muchas, le han hecho aminorar en energ\u00eda y br\u00edo para poder\u00a0 proveer e impartir\u00a0 justicia en forma adecuada, ahora a nuestra justicia\u00a0 se le va a\u00a0 controlar para\u00a0 desprotejer al justiciable.<\/p>\n<p>Se ha perdido su justificaci\u00f3n hist\u00f3rica.<\/p>\n<p>El ejercicio del poder se ha vuelto incontrolable. La tendencia anterior de limitar las actividades de gobernantes y autoridades, que era propia de nuestro M\u00e9xico ha decrecido y en el hoy los detentadores del poder se estiman m\u00edsticamente legitimados para cometer todo tipo de tropel\u00edas jur\u00eddicas\u00a0 con el objeto de que \u00a0sea obedecida su autoridad pol\u00edtica.<\/p>\n<p>Nuestro Pacto Federal, por desgracia y para desgracia de nuestro M\u00e9xico, ha perdido su fuerza real y efectiva. El Estado tiende a someter\u00a0 a\u00a0 los \u00a0gobernados y justiciables a un control pleno y tajante.<\/p>\n<p>Debido a ello la unidad pol\u00edtica de la que goz\u00e1bamos con antelaci\u00f3n los mexicanos, en el hoy, se ha tornado problem\u00e1tica; con sus nuevos ordenamientos la Cuarta Transformaci\u00f3n de la Naci\u00f3n y su segundo piso, pretenden salvaguardar los intereses de corrupci\u00f3n e impunidad de todos sus aclamadores.<\/p>\n<p>La Academia de Derecho Penal del Colegio Nacional de Abogados Foro de M\u00e9xico, A.C., advierte que la redacci\u00f3n de m\u00faltiples modificaciones significa que en el sistema jur\u00eddico nacional ha decrecido aquello que fue nuestra Supremac\u00eda Constitucional, que m\u00faltiples de esos nuevos mandatos se han separado de la letra y espiritu de la Carta Magna.<\/p>\n<p>Con todas esas reformas se ha buscado centralizar la justicia, se ha perseguido nulificarla, se ha logrado\u00a0 eliminarla, con el\u00a0 pretexto de fortalecerla.<\/p>\n<p>Con tanta \u00a0absurda modificaci\u00f3n a nuestra Suprema Ley el poder pol\u00edtico se est\u00e1 convirtiendo en un poder impositivo, en un poder de impostura.<\/p>\n<p>M\u00e9xico se encuentra desgarrado por tanto conflicto derivado de una justicia selectiva. \u00a0Las togas independientes de la Nacion tiene la obligacion de salvarlo. Hay que hacerlo.<\/p>\n<p>Es cu\u00e1nto.<\/p>\n<p><img loading=\"lazy\" decoding=\"async\" class=\"alignnone wp-image-52490 size-full\" src=\"http:\/\/noticiasveracruz.com\/wp-content\/uploads\/2025\/03\/FIRMA-EDITORIAL-PD-4.jpg\" alt=\"\" width=\"1024\" height=\"125\" srcset=\"https:\/\/noticiasveracruz.com\/wp-content\/uploads\/2025\/03\/FIRMA-EDITORIAL-PD-4.jpg 1024w, https:\/\/noticiasveracruz.com\/wp-content\/uploads\/2025\/03\/FIRMA-EDITORIAL-PD-4-300x37.jpg 300w, https:\/\/noticiasveracruz.com\/wp-content\/uploads\/2025\/03\/FIRMA-EDITORIAL-PD-4-768x94.jpg 768w\" sizes=\"auto, (max-width: 1024px) 100vw, 1024px\" \/><\/p>\n","protected":false},"excerpt":{"rendered":"<p>La Constituci\u00f3n Pol\u00edtica de los Estados Unidos Mexicanos; ha decrecido en el otorgamiento de los derechos de los que goza<\/p>\n","protected":false},"author":4,"featured_media":39651,"comment_status":"closed","ping_status":"closed","sticky":false,"template":"","format":"standard","meta":{"colormag_page_container_layout":"default_layout","colormag_page_sidebar_layout":"default_layout","_jetpack_memberships_contains_paid_content":false,"footnotes":"","jetpack_publicize_message":"","jetpack_publicize_feature_enabled":true,"jetpack_social_post_already_shared":true,"jetpack_social_options":{"image_generator_settings":{"template":"highway","default_image_id":0,"font":"","enabled":false},"version":2}},"categories":[6],"tags":[],"class_list":["post-52657","post","type-post","status-publish","format-standard","has-post-thumbnail","hentry","category-columnistas"],"jetpack_publicize_connections":[],"jetpack_featured_media_url":"https:\/\/noticiasveracruz.com\/wp-content\/uploads\/2024\/09\/NV-ALBERTO-WOOLRICH-2.jpg","jetpack_sharing_enabled":true,"publishpress_future_action":{"enabled":false,"date":"2026-05-10 06:06:23","action":"change-status","newStatus":"draft","terms":[],"taxonomy":"category","extraData":[]},"publishpress_future_workflow_manual_trigger":{"enabledWorkflows":[]},"_links":{"self":[{"href":"https:\/\/noticiasveracruz.com\/index.php\/wp-json\/wp\/v2\/posts\/52657","targetHints":{"allow":["GET"]}}],"collection":[{"href":"https:\/\/noticiasveracruz.com\/index.php\/wp-json\/wp\/v2\/posts"}],"about":[{"href":"https:\/\/noticiasveracruz.com\/index.php\/wp-json\/wp\/v2\/types\/post"}],"author":[{"embeddable":true,"href":"https:\/\/noticiasveracruz.com\/index.php\/wp-json\/wp\/v2\/users\/4"}],"replies":[{"embeddable":true,"href":"https:\/\/noticiasveracruz.com\/index.php\/wp-json\/wp\/v2\/comments?post=52657"}],"version-history":[{"count":0,"href":"https:\/\/noticiasveracruz.com\/index.php\/wp-json\/wp\/v2\/posts\/52657\/revisions"}],"wp:featuredmedia":[{"embeddable":true,"href":"https:\/\/noticiasveracruz.com\/index.php\/wp-json\/wp\/v2\/media\/39651"}],"wp:attachment":[{"href":"https:\/\/noticiasveracruz.com\/index.php\/wp-json\/wp\/v2\/media?parent=52657"}],"wp:term":[{"taxonomy":"category","embeddable":true,"href":"https:\/\/noticiasveracruz.com\/index.php\/wp-json\/wp\/v2\/categories?post=52657"},{"taxonomy":"post_tag","embeddable":true,"href":"https:\/\/noticiasveracruz.com\/index.php\/wp-json\/wp\/v2\/tags?post=52657"}],"curies":[{"name":"wp","href":"https:\/\/api.w.org\/{rel}","templated":true}]}}