{"id":52616,"date":"2025-03-19T02:36:20","date_gmt":"2025-03-19T08:36:20","guid":{"rendered":"https:\/\/noticiasveracruz.com\/?p=52616"},"modified":"2025-03-19T02:36:20","modified_gmt":"2025-03-19T08:36:20","slug":"renuncia-ferrocarriles-suburbanos-a-la-operacion-de-ruta-lecheria-aifa","status":"publish","type":"post","link":"https:\/\/noticiasveracruz.com\/index.php\/2025\/03\/19\/renuncia-ferrocarriles-suburbanos-a-la-operacion-de-ruta-lecheria-aifa\/","title":{"rendered":"Renuncia Ferrocarriles Suburbanos a la operaci\u00f3n de ruta Lecher\u00eda-AIFA"},"content":{"rendered":"<p class=\"nota-justify\">Ferrocarriles Suburbanos renunci\u00f3 de manera voluntaria a la operaci\u00f3n de la ruta Lecher\u00eda-AIFA que ten\u00eda desde 2021, por lo que la Secretar\u00eda de Infraestructura, Comunicaciones y Transportes (SICT) modific\u00f3 el t\u00edtulo de concesi\u00f3n de la empresa, de acuerdo con un comunicado.<\/p>\n<p class=\"nota-justify\">La modificaci\u00f3n publicada en el Diario Oficial de la Federaci\u00f3n (DOF), destaca que los cambios incluyen cinco trenes propiedad del Gobierno Federal que se manten\u00edan otorgados tambi\u00e9n en concesi\u00f3n para la operaci\u00f3n del tramo Lecher\u00eda-Jaltocan-Aeropuerto Internacional Felipe \u00c1ngeles (AIFA).<\/p>\n<p class=\"nota-justify\">Y es que el acuerdo inicial contemplaba 10 trenes pero las 5 unidades restantes no fueron entregadas formalmente a\u00fan al concesionario, toda vez que se encontraban en proceso de asignaci\u00f3n a la SICT.<\/p>\n<p class=\"nota-justify\">La modificaci\u00f3n al t\u00edtulo de concesi\u00f3n deber\u00e1 llevarse a cabo dentro de los 180 d\u00edas siguientes a su firma, celebrada entre ambas partes, SICT-concesionario, el 28 de febrero de 2025.<\/p>\n<p class=\"nota-justify\">Jes\u00fas Antonio Esteva Medina, titular de la SICT, uno de los retos es regresar a los trenes de pasajeros para dar continuidad a la pol\u00edtica iniciada en la administraci\u00f3n pasada, por lo que en este sexenio se plantean 3 mil kil\u00f3metros de v\u00edas en este rubro.<\/p>\n<p class=\"nota-justify\">Por lo tanto, el Gobierno Federal se\u00f1al\u00f3 la necesidad de realizar acciones para acelerar la conclusi\u00f3n de las obras correspondientes a la Ruta Lecher\u00eda-AIFA, para lo cual se contar\u00e1 con el apoyo de la Secretar\u00eda de la Defensa Nacional.<\/p>\n<p class=\"nota-justify\">El pasado 17 de septiembre de 2024, la SICT y el concesionario suscribieron el acta de entrega-recepci\u00f3n para hacer constar la entrega f\u00edsica de las obras ejecutadas a cargo del concesionario en la ruta Lecher\u00eda-AIFA.<\/p>\n<p class=\"nota-justify\">Ferrocarriles Suburbanos seguir\u00e1 con la prestaci\u00f3n del servicio p\u00fablico de transporte ferroviario de pasajeros, en la modalidad de regular suburbano en las rutas Cuautitl\u00e1n-Buenavista, Cuautitl\u00e1n-Huehuetoca, en el Estado de M\u00e9xico y en la ruta San Rafael, Tlalnepantla, Estado de M\u00e9xico a Tacuba, en Ciudad de M\u00e9xico.<\/p>\n","protected":false},"excerpt":{"rendered":"<p>Ferrocarriles Suburbanos renunci\u00f3 de manera voluntaria a la operaci\u00f3n de la ruta Lecher\u00eda-AIFA que ten\u00eda desde 2021, por lo que<\/p>\n","protected":false},"author":4,"featured_media":52617,"comment_status":"closed","ping_status":"closed","sticky":false,"template":"","format":"standard","meta":{"colormag_page_container_layout":"default_layout","colormag_page_sidebar_layout":"default_layout","_jetpack_memberships_contains_paid_content":false,"footnotes":"","jetpack_publicize_message":"","jetpack_publicize_feature_enabled":true,"jetpack_social_post_already_shared":true,"jetpack_social_options":{"image_generator_settings":{"template":"highway","default_image_id":0,"font":"","enabled":false},"version":2}},"categories":[1947],"tags":[],"class_list":["post-52616","post","type-post","status-publish","format-standard","has-post-thumbnail","hentry","category-economia"],"jetpack_publicize_connections":[],"jetpack_featured_media_url":"https:\/\/noticiasveracruz.com\/wp-content\/uploads\/2025\/03\/tre.jpg","jetpack_sharing_enabled":true,"publishpress_future_action":{"enabled":false,"date":"2026-05-08 06:32:08","action":"change-status","newStatus":"draft","terms":[],"taxonomy":"category","extraData":[]},"publishpress_future_workflow_manual_trigger":{"enabledWorkflows":[]},"_links":{"self":[{"href":"https:\/\/noticiasveracruz.com\/index.php\/wp-json\/wp\/v2\/posts\/52616","targetHints":{"allow":["GET"]}}],"collection":[{"href":"https:\/\/noticiasveracruz.com\/index.php\/wp-json\/wp\/v2\/posts"}],"about":[{"href":"https:\/\/noticiasveracruz.com\/index.php\/wp-json\/wp\/v2\/types\/post"}],"author":[{"embeddable":true,"href":"https:\/\/noticiasveracruz.com\/index.php\/wp-json\/wp\/v2\/users\/4"}],"replies":[{"embeddable":true,"href":"https:\/\/noticiasveracruz.com\/index.php\/wp-json\/wp\/v2\/comments?post=52616"}],"version-history":[{"count":0,"href":"https:\/\/noticiasveracruz.com\/index.php\/wp-json\/wp\/v2\/posts\/52616\/revisions"}],"wp:featuredmedia":[{"embeddable":true,"href":"https:\/\/noticiasveracruz.com\/index.php\/wp-json\/wp\/v2\/media\/52617"}],"wp:attachment":[{"href":"https:\/\/noticiasveracruz.com\/index.php\/wp-json\/wp\/v2\/media?parent=52616"}],"wp:term":[{"taxonomy":"category","embeddable":true,"href":"https:\/\/noticiasveracruz.com\/index.php\/wp-json\/wp\/v2\/categories?post=52616"},{"taxonomy":"post_tag","embeddable":true,"href":"https:\/\/noticiasveracruz.com\/index.php\/wp-json\/wp\/v2\/tags?post=52616"}],"curies":[{"name":"wp","href":"https:\/\/api.w.org\/{rel}","templated":true}]}}