{"id":52613,"date":"2025-03-19T02:33:31","date_gmt":"2025-03-19T08:33:31","guid":{"rendered":"https:\/\/noticiasveracruz.com\/?p=52613"},"modified":"2025-03-19T02:33:31","modified_gmt":"2025-03-19T08:33:31","slug":"gobierno-listo-para-propuestas-de-inversiones-mixtas-altagracia-gomez","status":"publish","type":"post","link":"https:\/\/noticiasveracruz.com\/index.php\/2025\/03\/19\/gobierno-listo-para-propuestas-de-inversiones-mixtas-altagracia-gomez\/","title":{"rendered":"Gobierno, listo para propuestas de inversiones mixtas: Altagracia G\u00f3mez"},"content":{"rendered":"<p class=\"nota-justify\">El gobierno de la presidenta Claudia Sheinbaum Pardo est\u00e1 listo para recibir las propuesta de esquemas de inversi\u00f3n mixta y proyectos para de infraestructura, se\u00f1al\u00f3 Altagracia G\u00f3mez Sierra, coordinadora del Consejo Asesor para el Desarrollo Econ\u00f3mico Regional y Relocalizaci\u00f3n (CADERR), ante el sector privado del pa\u00eds, el cual present\u00f3 el brazo operador para administrar las inversiones.<\/p>\n<p class=\"nota-justify\">\u201cLas metas del Plan M\u00e9xico son ambiciosas, pero son logrables si entre todos nos ponemos la misi\u00f3n y la ambici\u00f3n de lograrlas\u201d, dijo la empresaria al recordar que esta estrategia busca que la econom\u00eda mexicana pase del 12 al 10 lugar en el mundo, la inversi\u00f3n como porcentaje del pase del 25 por ciento del producto interno bruto (PIB) para 2026 a 28 por ciento para 2030, se generen 1.8 millones de empleos en manufactura especializada, aumenten el contenido nacional, entre otros objetivos.<\/p>\n<p class=\"nota-justify\">\u201cYa listos para recibir sus propuestas de esquemas de inversi\u00f3n mixta y proyectos para de infraestructura cultura para fortalecer los polos de desarrollo de bienestar y los corredores industriales\u201d, dijo al enumerar las tareas en las que deber\u00e1 apoyar el Comit\u00e9 Especial para la Inversi\u00f3n y Relocalizaci\u00f3n de Empresas del Consejo Coordinador Empresarial (CCE), el cual estar\u00e1 encabezado por Max Elmann Arazi.<\/p>\n<p class=\"nota-justify\">G\u00f3mez Sierra anot\u00f3 que se necesitan redoblar esfuerzos en el desarrollo de proveedores locales para sectores como el automotriz, aeroespacial, electr\u00f3nicos, semiconductores, entre otros.<\/p>\n<p class=\"nota-justify\">Apunt\u00f3 que el CADERR buscar\u00e1 la opini\u00f3n de los empresarios para temas temas de pol\u00edtica comercial, en particular, ante la imposici\u00f3n de aranceles por parte de Estados Unidos.<\/p>\n<p class=\"nota-justify\">\u201cEstaremos encargados de dar seguimiento a las inversiones privadas estrat\u00e9gicas. Necesitamos asegurarnos que no se caiga la sopa del plato a la boca\u201d, se\u00f1al\u00f3.<\/p>\n<p class=\"nota-justify\">Juan Ram\u00f3n de la Fuente, titular de la Secretar\u00eda de Relaciones Exteriores (SRE), alert\u00f3 al sector privado que la incertidumbre se mantendr\u00e1 debido a los cambios que comenzaron con el nuevo gobierno de Estados Unidos. \u201cAl cambiar la pol\u00edtica estadunidense cambi\u00f3 la pol\u00edtica internacional y esto ha generado una serie de fen\u00f3menos, algunos francamente nuevos y otros quiz\u00e1 no tanto, pero con nuevos matices que afectan m\u00faltiples vertientes\u201d, dijo.<\/p>\n<p class=\"nota-justify\">Coment\u00f3 que hay una nueva din\u00e1mica pol\u00edtica multilateral a nivel global, pues organismos internacionales han sido sacudidos y tienen que adaptarse a nuevos tiempos.<\/p>\n<p class=\"nota-justify\">\u201cEl mundo del multilateralismo tiene esta gran sacudida y de la mano de ello dir\u00edamos que el mundo de la de la econom\u00eda global que tambi\u00e9n se encuentra inmerso en esta din\u00e1mica y que va teniendo sus ramificaciones y sus impactos espec\u00edficos en cada pa\u00eds y dentro de cada pa\u00eds en cada sector\u201d, dijo.<\/p>\n<p class=\"nota-justify\">Coment\u00f3 que el gobierno federal ha ido \u201czanjando aquellos temas que parec\u00edan obst\u00e1culos, complicados, insalvables para ir abriendo los caminos del di\u00e1logo\u201d.<\/p>\n<p class=\"nota-justify\">\u201cLo que hace apenas unas cuantas semanas eran los principales argumentos para modificar las relaciones econ\u00f3micas entre lospa\u00edses socios de los Estados Unidos y en el caso espec\u00edfico del nuestro que ten\u00edan que ver fundamentalmente con la migraci\u00f3n y la seguridad. Si ven ustedes ahora unas cuantas semanas de pues, esos argumentos ya no est\u00e1n sobre la mesa. No quiere decir que est\u00e9n del todo resueltos, pero lo que s\u00ed quiere decir es que han sido abordados, se le han ido encontrando alternativas\u201d, indic\u00f3.<\/p>\n<p class=\"nota-justify\">En el mismo foro, Marcelo Ebrard Casaub\u00f3n, titular de la Secretar\u00eda de Econom\u00eda (SE)\u00a0 reconoci\u00f3 que la presidenta Sheinbaum Pardo logr\u00f3 evitar la imposici\u00f3n de aranceles generales por parte de Estados Unidos a principios de mes.<\/p>\n<p class=\"nota-justify\">\u201cEstuvimos a menos de un milimetro de tener un arancel general de 25 por ciento. Es m\u00e1s, yo pens\u00e9 que iba a ser ya un hecho. La presidenta lo resolvi\u00f3 en la llamada, es que es incre\u00edble\u201d, resalt\u00f3.<\/p>\n<p class=\"nota-justify\">Despu\u00e9s de comentar que la instrucci\u00f3n de la mandataria es que se debe respaldar la inversi\u00f3n, tambi\u00e9n reconoci\u00f3 que \u201cestamos en un momento especial\u201d, luego de que por m\u00e1s de tres d\u00e9cadas hubo ciertas certidumbres.<\/p>\n<p class=\"nota-justify\">\u201cNo es f\u00e1cil de predecir cu\u00e1l va a ser el destino final de estos cambios. La encomienda nuestra es estar preparados junto con ustedes para encontrar un entendimiento con este nuevo orden comercial, financiero y pol\u00edtico\u201d, dijo.<\/p>\n<p class=\"nota-justify\">Coment\u00f3 que a\u00fan hay que esperar al 2 de abril, pues parece ser que el gobierno estadunidense aplicar\u00e1 un sistema de aranceles distinto.\u00a0 \u201cHabr\u00e1 una propuesta para cada pa\u00eds. A cada pa\u00eds le van a dar su sobrecito como cuando vas al examen\u2026no sabemos si esa va a ser la nueva metodolog\u00eda, en cuyo caso ser\u00eda una un sistema de desventajas comparativas\u201d, dijo,<\/p>\n<p class=\"nota-justify\">\u201cCualquiera que sean las nuevas reglas, tenemos que lograr para M\u00e9xico mejores condiciones que para otros pa\u00edses\u201d, agreg\u00f3.<\/p>\n<p class=\"nota-justify\">\u201cHoy estamos frente a una oportunidad hist\u00f3rica para M\u00e9xico, para nuestra posici\u00f3n geopol\u00edtica y el atractivo que tenemos como pa\u00eds\u201d, dijo Elmann Arazi, presidente del Comit\u00e9 Especial para la Inversi\u00f3n y Relocalizaci\u00f3n de Empresas.<\/p>\n<p class=\"nota-justify\">\u201cLa relocalizaci\u00f3n representa importantes desaf\u00edos y oportunidades para captar inversi\u00f3n nacional y extranjera. Debemos de aprovechar que se abrir\u00e1n nuevas y grandes oportunidades de inversi\u00f3n que fortalece nuestra posici\u00f3n en la econom\u00eda\u201d, indic\u00f3.<\/p>\n<p class=\"nota-justify\">Explic\u00f3 que el Comit\u00e9 tiene la responsabilidad de mantener un di\u00e1logo abierto y un seguimiento permanente con la Secretar\u00eda de Econom\u00eda (SE), el CADERR, y a impulsar y aterrizar la estrategia nacional de la relocalizaci\u00f3n.<\/p>\n<p class=\"nota-justify\">\u201cDesde el CCE nuestro comit\u00e9 especial actuar\u00e1 como brazo operador para contribuir, atraer y aterrizar inversiones nacionales y extranjeras y asegurar que esas inversiones generen valor a corto y mediano plazo\u201d, dijo.<\/p>\n<p class=\"nota-justify\">Agreg\u00f3 que se dar\u00e1 seguimiento permanente a todos los proyectos, a los inversionistas, a las empresas para materializar las inversiones y as\u00ed generar empleos de calidad, innovaci\u00f3n y bienestar en las comunidades.<\/p>\n","protected":false},"excerpt":{"rendered":"<p>El gobierno de la presidenta Claudia Sheinbaum Pardo est\u00e1 listo para recibir las propuesta de esquemas de inversi\u00f3n mixta y<\/p>\n","protected":false},"author":4,"featured_media":52614,"comment_status":"closed","ping_status":"closed","sticky":false,"template":"","format":"standard","meta":{"colormag_page_container_layout":"default_layout","colormag_page_sidebar_layout":"default_layout","_jetpack_memberships_contains_paid_content":false,"footnotes":"","jetpack_publicize_message":"","jetpack_publicize_feature_enabled":true,"jetpack_social_post_already_shared":true,"jetpack_social_options":{"image_generator_settings":{"template":"highway","default_image_id":0,"font":"","enabled":false},"version":2}},"categories":[1947],"tags":[],"class_list":["post-52613","post","type-post","status-publish","format-standard","has-post-thumbnail","hentry","category-economia"],"jetpack_publicize_connections":[],"jetpack_featured_media_url":"https:\/\/noticiasveracruz.com\/wp-content\/uploads\/2025\/03\/al.jpg","jetpack_sharing_enabled":true,"publishpress_future_action":{"enabled":false,"date":"2026-05-10 03:43:43","action":"change-status","newStatus":"draft","terms":[],"taxonomy":"category","extraData":[]},"publishpress_future_workflow_manual_trigger":{"enabledWorkflows":[]},"_links":{"self":[{"href":"https:\/\/noticiasveracruz.com\/index.php\/wp-json\/wp\/v2\/posts\/52613","targetHints":{"allow":["GET"]}}],"collection":[{"href":"https:\/\/noticiasveracruz.com\/index.php\/wp-json\/wp\/v2\/posts"}],"about":[{"href":"https:\/\/noticiasveracruz.com\/index.php\/wp-json\/wp\/v2\/types\/post"}],"author":[{"embeddable":true,"href":"https:\/\/noticiasveracruz.com\/index.php\/wp-json\/wp\/v2\/users\/4"}],"replies":[{"embeddable":true,"href":"https:\/\/noticiasveracruz.com\/index.php\/wp-json\/wp\/v2\/comments?post=52613"}],"version-history":[{"count":0,"href":"https:\/\/noticiasveracruz.com\/index.php\/wp-json\/wp\/v2\/posts\/52613\/revisions"}],"wp:featuredmedia":[{"embeddable":true,"href":"https:\/\/noticiasveracruz.com\/index.php\/wp-json\/wp\/v2\/media\/52614"}],"wp:attachment":[{"href":"https:\/\/noticiasveracruz.com\/index.php\/wp-json\/wp\/v2\/media?parent=52613"}],"wp:term":[{"taxonomy":"category","embeddable":true,"href":"https:\/\/noticiasveracruz.com\/index.php\/wp-json\/wp\/v2\/categories?post=52613"},{"taxonomy":"post_tag","embeddable":true,"href":"https:\/\/noticiasveracruz.com\/index.php\/wp-json\/wp\/v2\/tags?post=52613"}],"curies":[{"name":"wp","href":"https:\/\/api.w.org\/{rel}","templated":true}]}}