{"id":52589,"date":"2025-03-19T00:31:50","date_gmt":"2025-03-19T06:31:50","guid":{"rendered":"https:\/\/noticiasveracruz.com\/?p=52589"},"modified":"2025-03-19T00:31:50","modified_gmt":"2025-03-19T06:31:50","slug":"la-sev-participara-en-cumbre-tajin","status":"publish","type":"post","link":"https:\/\/noticiasveracruz.com\/index.php\/2025\/03\/19\/la-sev-participara-en-cumbre-tajin\/","title":{"rendered":"La SEV participar\u00e1 en Cumbre Taj\u00edn"},"content":{"rendered":"<p>La Secretar\u00eda de Educaci\u00f3n participar\u00e1 en la edici\u00f3n 2025 del Festival Cumbre Taj\u00edn, con talleres, actividades y stands para difundir proyectos educativos y promover la preservaci\u00f3n de la cultura Totonaca.<\/p>\n<p>Estima atender diariamente a un promedio de 120 ni\u00f1as y ni\u00f1os de la regi\u00f3n, adem\u00e1s de visitantes; por ello, extiende la invitaci\u00f3n a toda la poblaci\u00f3n para asistir a este importante evento que engloba una gran riqueza cultural, donde se conjugan tradici\u00f3n y misticismo, y se recibe la energ\u00eda del equinoccio de primavera.<\/p>\n<p>Participar\u00e1n las coordinaciones de Protecci\u00f3n Civil, Cambio Clim\u00e1tico y Educaci\u00f3n Ambiental, Difusi\u00f3n y Optimizaci\u00f3n de los Servicios Educativos, Prevenci\u00f3n y Atenci\u00f3n de las Adicciones y de las Conductas Antisociales, adem\u00e1s del Programa Vasconcelos, Centros R\u00e9bsamen, de Bibliotecas y de Informaci\u00f3n Documental.<\/p>\n<p>Asimismo, contar\u00e1 con la colaboraci\u00f3n de las direcciones de Educaci\u00f3n Tecnol\u00f3gica, Recursos Humanos y Actividades Art\u00edsticas, as\u00ed como del Telebachillerato de Veracruz, Misiones Culturales, la Academia Veracruzana de Lenguas Ind\u00edgenas y la Fundaci\u00f3n UV.<\/p>\n<p>Bajo la coordinaci\u00f3n de su titular, Claudia Tello Espinosa, la dependencia tendr\u00e1 presencia del 19 al 23 de marzo; la inauguraci\u00f3n ser\u00e1 el d\u00eda de ma\u00f1ana, encabezada por la gobernadora Roc\u00edo Nahle Garc\u00eda, el presidente municipal de Papantla, Celestino Pino Guevara, y el Consejo Totonaco, representado por el Tata Gerardo Cruz Espinoza.<\/p>\n","protected":false},"excerpt":{"rendered":"<p>La Secretar\u00eda de Educaci\u00f3n participar\u00e1 en la edici\u00f3n 2025 del Festival Cumbre Taj\u00edn, con talleres, actividades y stands para difundir<\/p>\n","protected":false},"author":4,"featured_media":52590,"comment_status":"closed","ping_status":"closed","sticky":false,"template":"","format":"standard","meta":{"colormag_page_container_layout":"default_layout","colormag_page_sidebar_layout":"default_layout","_jetpack_memberships_contains_paid_content":false,"footnotes":"","jetpack_publicize_message":"","jetpack_publicize_feature_enabled":true,"jetpack_social_post_already_shared":true,"jetpack_social_options":{"image_generator_settings":{"template":"highway","default_image_id":0,"font":"","enabled":false},"version":2}},"categories":[356],"tags":[],"class_list":["post-52589","post","type-post","status-publish","format-standard","has-post-thumbnail","hentry","category-veracruz"],"jetpack_publicize_connections":[],"jetpack_featured_media_url":"https:\/\/noticiasveracruz.com\/wp-content\/uploads\/2025\/03\/9c-7.jpg","jetpack_sharing_enabled":true,"publishpress_future_action":{"enabled":false,"date":"2026-05-10 03:43:41","action":"change-status","newStatus":"draft","terms":[],"taxonomy":"category","extraData":[]},"publishpress_future_workflow_manual_trigger":{"enabledWorkflows":[]},"_links":{"self":[{"href":"https:\/\/noticiasveracruz.com\/index.php\/wp-json\/wp\/v2\/posts\/52589","targetHints":{"allow":["GET"]}}],"collection":[{"href":"https:\/\/noticiasveracruz.com\/index.php\/wp-json\/wp\/v2\/posts"}],"about":[{"href":"https:\/\/noticiasveracruz.com\/index.php\/wp-json\/wp\/v2\/types\/post"}],"author":[{"embeddable":true,"href":"https:\/\/noticiasveracruz.com\/index.php\/wp-json\/wp\/v2\/users\/4"}],"replies":[{"embeddable":true,"href":"https:\/\/noticiasveracruz.com\/index.php\/wp-json\/wp\/v2\/comments?post=52589"}],"version-history":[{"count":0,"href":"https:\/\/noticiasveracruz.com\/index.php\/wp-json\/wp\/v2\/posts\/52589\/revisions"}],"wp:featuredmedia":[{"embeddable":true,"href":"https:\/\/noticiasveracruz.com\/index.php\/wp-json\/wp\/v2\/media\/52590"}],"wp:attachment":[{"href":"https:\/\/noticiasveracruz.com\/index.php\/wp-json\/wp\/v2\/media?parent=52589"}],"wp:term":[{"taxonomy":"category","embeddable":true,"href":"https:\/\/noticiasveracruz.com\/index.php\/wp-json\/wp\/v2\/categories?post=52589"},{"taxonomy":"post_tag","embeddable":true,"href":"https:\/\/noticiasveracruz.com\/index.php\/wp-json\/wp\/v2\/tags?post=52589"}],"curies":[{"name":"wp","href":"https:\/\/api.w.org\/{rel}","templated":true}]}}