{"id":52583,"date":"2025-03-19T00:29:57","date_gmt":"2025-03-19T06:29:57","guid":{"rendered":"https:\/\/noticiasveracruz.com\/?p=52583"},"modified":"2025-03-19T00:29:57","modified_gmt":"2025-03-19T06:29:57","slug":"conmemoran-aniversario-de-la-expropiacion-petrolera","status":"publish","type":"post","link":"https:\/\/noticiasveracruz.com\/index.php\/2025\/03\/19\/conmemoran-aniversario-de-la-expropiacion-petrolera\/","title":{"rendered":"Conmemoran aniversario de la Expropiaci\u00f3n Petrolera"},"content":{"rendered":"<p>El Gobierno de Veracruz conmemor\u00f3 el 87 aniversario de la Expropiaci\u00f3n Petrolera, hecho hist\u00f3rico que marc\u00f3 la soberan\u00eda energ\u00e9tica del pa\u00eds y consolid\u00f3 el legado del presidente L\u00e1zaro C\u00e1rdenas del R\u00edo.<\/p>\n<p>De esta manera, se record\u00f3 el esfuerzo y la determinaci\u00f3n del pueblo mexicano para recuperar el control de sus recursos naturales, una lucha que sigue siendo s\u00edmbolo de justicia social y desarrollo.<\/p>\n<p>La ceremonia estuvo a cargo de la Coordinaci\u00f3n de Promoci\u00f3n de los Valores C\u00edvicos y Culturales de la Secretar\u00eda de Gobierno, con el izamiento de la Bandera Nacional y la participaci\u00f3n del Telebachillerato Colonia Higuera.<\/p>\n<p>Acompa\u00f1ados por la Banda de Guerra del 83 Batall\u00f3n de Infanter\u00eda de La Boticaria, los asistentes rindieron honores al l\u00e1baro patrio en un ambiente de respeto y patriotismo.<\/p>\n","protected":false},"excerpt":{"rendered":"<p>El Gobierno de Veracruz conmemor\u00f3 el 87 aniversario de la Expropiaci\u00f3n Petrolera, hecho hist\u00f3rico que marc\u00f3 la soberan\u00eda energ\u00e9tica del<\/p>\n","protected":false},"author":4,"featured_media":52584,"comment_status":"closed","ping_status":"closed","sticky":false,"template":"","format":"standard","meta":{"colormag_page_container_layout":"default_layout","colormag_page_sidebar_layout":"default_layout","_jetpack_memberships_contains_paid_content":false,"footnotes":"","jetpack_publicize_message":"","jetpack_publicize_feature_enabled":true,"jetpack_social_post_already_shared":true,"jetpack_social_options":{"image_generator_settings":{"template":"highway","default_image_id":0,"font":"","enabled":false},"version":2}},"categories":[356],"tags":[],"class_list":["post-52583","post","type-post","status-publish","format-standard","has-post-thumbnail","hentry","category-veracruz"],"jetpack_publicize_connections":[],"jetpack_featured_media_url":"https:\/\/noticiasveracruz.com\/wp-content\/uploads\/2025\/03\/9a-10.jpg","jetpack_sharing_enabled":true,"publishpress_future_action":{"enabled":false,"date":"2026-05-08 04:33:02","action":"change-status","newStatus":"draft","terms":[],"taxonomy":"category","extraData":[]},"publishpress_future_workflow_manual_trigger":{"enabledWorkflows":[]},"_links":{"self":[{"href":"https:\/\/noticiasveracruz.com\/index.php\/wp-json\/wp\/v2\/posts\/52583","targetHints":{"allow":["GET"]}}],"collection":[{"href":"https:\/\/noticiasveracruz.com\/index.php\/wp-json\/wp\/v2\/posts"}],"about":[{"href":"https:\/\/noticiasveracruz.com\/index.php\/wp-json\/wp\/v2\/types\/post"}],"author":[{"embeddable":true,"href":"https:\/\/noticiasveracruz.com\/index.php\/wp-json\/wp\/v2\/users\/4"}],"replies":[{"embeddable":true,"href":"https:\/\/noticiasveracruz.com\/index.php\/wp-json\/wp\/v2\/comments?post=52583"}],"version-history":[{"count":0,"href":"https:\/\/noticiasveracruz.com\/index.php\/wp-json\/wp\/v2\/posts\/52583\/revisions"}],"wp:featuredmedia":[{"embeddable":true,"href":"https:\/\/noticiasveracruz.com\/index.php\/wp-json\/wp\/v2\/media\/52584"}],"wp:attachment":[{"href":"https:\/\/noticiasveracruz.com\/index.php\/wp-json\/wp\/v2\/media?parent=52583"}],"wp:term":[{"taxonomy":"category","embeddable":true,"href":"https:\/\/noticiasveracruz.com\/index.php\/wp-json\/wp\/v2\/categories?post=52583"},{"taxonomy":"post_tag","embeddable":true,"href":"https:\/\/noticiasveracruz.com\/index.php\/wp-json\/wp\/v2\/tags?post=52583"}],"curies":[{"name":"wp","href":"https:\/\/api.w.org\/{rel}","templated":true}]}}