{"id":52551,"date":"2025-03-18T00:13:03","date_gmt":"2025-03-18T06:13:03","guid":{"rendered":"https:\/\/noticiasveracruz.com\/?p=52551"},"modified":"2025-03-17T22:44:57","modified_gmt":"2025-03-18T04:44:57","slug":"llegan-mas-deportados-de-estados-unidos-a-chiapas","status":"publish","type":"post","link":"https:\/\/noticiasveracruz.com\/index.php\/2025\/03\/18\/llegan-mas-deportados-de-estados-unidos-a-chiapas\/","title":{"rendered":"Llegan m\u00e1s deportados de Estados Unidos a Chiapas"},"content":{"rendered":"<p class=\"nota-justify\">Un nuevo vuelo con 123 mexicanos deportados de Estados Unidos a Chiapas lleg\u00f3 este lunes al Aeropuerto Internacional de Tapachula, informaron fuentes de seguridad.<\/p>\n<p class=\"nota-justify\">Procedente de El Paso, Texas, arrib\u00f3 un Airbus A320 de la empresa Global Crossing Airlines, en el que tambi\u00e9n viajaron agentes del control de Aduanas y Protecci\u00f3n Fronteriza (CBP, por sus siglas en ingl\u00e9s), para custodiar a los deportados y entregarlos al Instituto Nacional de Migraci\u00f3n.<\/p>\n<p class=\"nota-justify\">Las autoridades federales y locales mantienen en el Aeropuerto Internacional de Tapachula un dispositivo para recibir a los mexicanos deportados a trav\u00e9s del programa \u201cM\u00e9xico te Abraza\u201d brind\u00e1ndoles asistencia administrativa, de salud, jur\u00eddica y econ\u00f3mica.<\/p>\n<p class=\"nota-justify\">Incluso les facilitan autobuses para llevarlos a las terminales de camiones para que puedan seguir hacia su destino ya que muchos son originarios de Estados del centro y norte del pa\u00eds.<\/p>\n<p class=\"nota-justify\">Al menos una docena de aeronaves han llegado a la frontera sur procedentes de Estados Unidos con migrantes deportados desde el pasado 20 de febrero, justo cuando Donald Trump cumpli\u00f3 un mes en la Presidencia.<\/p>\n<p class=\"nota-justify\">Seg\u00fan estimaciones de las propias autoridades, unos 1 mil 500 connacionales han sido retornados en esos vuelos.<\/p>\n","protected":false},"excerpt":{"rendered":"<p>Un nuevo vuelo con 123 mexicanos deportados de Estados Unidos a Chiapas lleg\u00f3 este lunes al Aeropuerto Internacional de Tapachula, informaron fuentes de seguridad. Procedente de El Paso, Texas, arrib\u00f3 un Airbus A320 de la empresa Global Crossing Airlines, en el que tambi\u00e9n viajaron agentes del control de Aduanas y Protecci\u00f3n Fronteriza (CBP, por sus [&hellip;]<\/p>\n","protected":false},"author":4,"featured_media":52552,"comment_status":"closed","ping_status":"closed","sticky":false,"template":"","format":"standard","meta":{"_jetpack_newsletter_access":"","_jetpack_dont_email_post_to_subs":false,"_jetpack_newsletter_tier_id":0,"_jetpack_memberships_contains_paywalled_content":false,"_jetpack_feature_clip_id":0,"_jetpack_memberships_contains_paid_content":false,"footnotes":"","jetpack_publicize_message":"","jetpack_publicize_feature_enabled":true,"jetpack_social_post_already_shared":true,"jetpack_social_options":{"image_generator_settings":{"template":"highway","default_image_id":0,"font":"","enabled":false},"version":2},"jetpack_post_was_ever_published":false},"categories":[145],"tags":[],"class_list":["post-52551","post","type-post","status-publish","format-standard","has-post-thumbnail","hentry","category-estados"],"jetpack_publicize_connections":[],"jetpack_sharing_enabled":true,"publishpress_future_action":{"enabled":false,"date":"2026-09-12 23:08:51","action":"change-status","newStatus":"draft","terms":[],"taxonomy":"category","extraData":[]},"publishpress_future_workflow_manual_trigger":{"enabledWorkflows":[]},"jetpack_featured_media_url":"https:\/\/noticiasveracruz.com\/wp-content\/uploads\/2025\/03\/dechi.jpg","_links":{"self":[{"href":"https:\/\/noticiasveracruz.com\/index.php\/wp-json\/wp\/v2\/posts\/52551","targetHints":{"allow":["GET"]}}],"collection":[{"href":"https:\/\/noticiasveracruz.com\/index.php\/wp-json\/wp\/v2\/posts"}],"about":[{"href":"https:\/\/noticiasveracruz.com\/index.php\/wp-json\/wp\/v2\/types\/post"}],"author":[{"embeddable":true,"href":"https:\/\/noticiasveracruz.com\/index.php\/wp-json\/wp\/v2\/users\/4"}],"replies":[{"embeddable":true,"href":"https:\/\/noticiasveracruz.com\/index.php\/wp-json\/wp\/v2\/comments?post=52551"}],"version-history":[{"count":0,"href":"https:\/\/noticiasveracruz.com\/index.php\/wp-json\/wp\/v2\/posts\/52551\/revisions"}],"wp:featuredmedia":[{"embeddable":true,"href":"https:\/\/noticiasveracruz.com\/index.php\/wp-json\/wp\/v2\/media\/52552"}],"wp:attachment":[{"href":"https:\/\/noticiasveracruz.com\/index.php\/wp-json\/wp\/v2\/media?parent=52551"}],"wp:term":[{"taxonomy":"category","embeddable":true,"href":"https:\/\/noticiasveracruz.com\/index.php\/wp-json\/wp\/v2\/categories?post=52551"},{"taxonomy":"post_tag","embeddable":true,"href":"https:\/\/noticiasveracruz.com\/index.php\/wp-json\/wp\/v2\/tags?post=52551"}],"curies":[{"name":"wp","href":"https:\/\/api.w.org\/{rel}","templated":true}]}}